{"id":26512,"date":"2011-07-08T08:12:03","date_gmt":"2011-07-08T06:12:03","guid":{"rendered":"http:\/\/www.pasteris.it\/blog\/?p=26512"},"modified":"2011-07-08T08:12:03","modified_gmt":"2011-07-08T06:12:03","slug":"ledicola-digitale-degli-editori-francesi","status":"publish","type":"post","link":"https:\/\/www.pasteris.it\/blog\/2011\/07\/08\/ledicola-digitale-degli-editori-francesi\/","title":{"rendered":"L&#8217;edicola digitale degli editori francesi"},"content":{"rendered":"<p><a href=\"http:\/\/www.lsdi.it\/2011\/07\/01\/parte-in-francia-l%e2%80%99-edicola-digitale\/\" target=\"_blank\">Via LSDI<\/a><\/p>\n<blockquote><p>A Natale scorso avevamo dato notizia del <a href=\"http:\/\/www.lsdi.it\/2010\/12\/26\/e-presse-premium-una-edicola-digitale-per-rovesciare-i-rapporti-di-forza-con-google\/\">futuro lancio di ePresse<\/a>,  una edicola digitale progettata dagli editori di otto giornali  francesi. Ora l\u2019 iniziativa \u00e8 partita e l\u2019 applicazione \u00e8 gi\u00e0  disponibile per i dispositivi mobili Apple e, a luglio, si estender\u00e0 a  tablet e smartphone Android e WebOS.<\/p>\n<p>Come osserva Pino Bruno <a href=\"http:\/\/www.pinobruno.it\/2011\/07\/giornali-digitali-ecco-come-si-fa-a-vendere-piu-copie\/\">sul suo blog<\/a>,  rivolgendosi agli editori italiani della Fieg, oltralpe \u2018\u2019le grandi  firme dell\u2019 editoria fanno meno convegni e pi\u00f9 fatti\u2019\u2019. \u2018\u2019Invece di  lamentarvi perch\u00e9 si vendono sempre meno copie in edicola e ancora  troppo poche in versione digitale, prendete esempio dai vostri colleghi  francesi\u2019\u2019, spiega.<\/p>\n<p>Le testate impegnate sono Les Echos, L\u2019Equipe, Le Figaro, Lib\u00e9ration, Le Parisien\/Aujourd\u2019hui en France, L\u2019Express, Le Nouvel Observateur e Le Point.<\/p><\/blockquote>\n","protected":false},"excerpt":{"rendered":"<p>Via LSDI A Natale scorso avevamo dato notizia del futuro lancio di ePresse, una edicola digitale progettata dagli editori di otto giornali francesi. Ora l\u2019 iniziativa \u00e8 partita e l\u2019 applicazione \u00e8 gi\u00e0 disponibile per i dispositivi mobili Apple e, a luglio, si estender\u00e0 a tablet e smartphone Android e WebOS. Come osserva Pino Bruno &#8230; <a title=\"L&#8217;edicola digitale degli editori francesi\" class=\"read-more\" href=\"https:\/\/www.pasteris.it\/blog\/2011\/07\/08\/ledicola-digitale-degli-editori-francesi\/\" aria-label=\"Per saperne di pi\u00f9 su L&#8217;edicola digitale degli editori francesi\">Leggi tutto<\/a><\/p>\n","protected":false},"author":3,"featured_media":0,"comment_status":"open","ping_status":"open","sticky":false,"template":"","format":"standard","meta":{"footnotes":""},"categories":[6,30],"tags":[905,1687,210],"class_list":["post-26512","post","type-post","status-publish","format-standard","hentry","category-internet","category-media","tag-editori","tag-francesi","tag-lsdi"],"_links":{"self":[{"href":"https:\/\/www.pasteris.it\/blog\/wp-json\/wp\/v2\/posts\/26512","targetHints":{"allow":["GET"]}}],"collection":[{"href":"https:\/\/www.pasteris.it\/blog\/wp-json\/wp\/v2\/posts"}],"about":[{"href":"https:\/\/www.pasteris.it\/blog\/wp-json\/wp\/v2\/types\/post"}],"author":[{"embeddable":true,"href":"https:\/\/www.pasteris.it\/blog\/wp-json\/wp\/v2\/users\/3"}],"replies":[{"embeddable":true,"href":"https:\/\/www.pasteris.it\/blog\/wp-json\/wp\/v2\/comments?post=26512"}],"version-history":[{"count":2,"href":"https:\/\/www.pasteris.it\/blog\/wp-json\/wp\/v2\/posts\/26512\/revisions"}],"predecessor-version":[{"id":26514,"href":"https:\/\/www.pasteris.it\/blog\/wp-json\/wp\/v2\/posts\/26512\/revisions\/26514"}],"wp:attachment":[{"href":"https:\/\/www.pasteris.it\/blog\/wp-json\/wp\/v2\/media?parent=26512"}],"wp:term":[{"taxonomy":"category","embeddable":true,"href":"https:\/\/www.pasteris.it\/blog\/wp-json\/wp\/v2\/categories?post=26512"},{"taxonomy":"post_tag","embeddable":true,"href":"https:\/\/www.pasteris.it\/blog\/wp-json\/wp\/v2\/tags?post=26512"}],"curies":[{"name":"wp","href":"https:\/\/api.w.org\/{rel}","templated":true}]}}