{"id":26560,"date":"2011-07-21T09:33:58","date_gmt":"2011-07-21T07:33:58","guid":{"rendered":"http:\/\/www.pasteris.it\/blog\/?p=26560"},"modified":"2011-07-21T09:49:20","modified_gmt":"2011-07-21T07:49:20","slug":"la-rabbia-degli-indignados","status":"publish","type":"post","link":"https:\/\/www.pasteris.it\/blog\/2011\/07\/21\/la-rabbia-degli-indignados\/","title":{"rendered":"La rabbia degli indignados"},"content":{"rendered":"<p><a href=\"http:\/\/www3.lastampa.it\/politica\/sezioni\/articolo\/lstp\/412352\/\">Francesca Paci su Lastampa.it<\/a><\/p>\n<blockquote><p>Non erano tantissimi gli &#8220;indignados&#8221; italiani che aspettavano il verdetto su Papa al di l\u00e0 delle transenne di piazza Montecitorio. Una trentina di persone al massimo, ma determinate a far sentire la propria rabbia come quelle che il 30 aprile 1993 si radunarono davanti all&#8217;hotel Raphael di Roma per contestare Bettino Craxi lanciandogli addosso simboliche monetine. Un testimone ideale che i cittadini esasperati di oggi raccolgono da quelli di ieri.<\/p>\n<p>Alle 18,20 la radiolina intorno a cui sono tutti in ascolto annuncia che il voto sar\u00e0 segreto. \u00abCi hanno fregato, adesso si aggiusteranno come vogliono\u00bb commenta sconsolata l&#8217;insegnate elementare Carla. Troppo presto per\u00f2: dopo neppure un quarto d&#8217;ora l&#8217;urlo liberatorio di Daniele rivela che per il deputato del Pdl si sono aperte le porte della prigione.<br \/>\n<!--more--><br \/>\n\u00abLadro, ladro, in-ga-le-ra&#8230;\u00bb ripete Daniele Catanzaro, 24 anni, studente di giurisprudenza. E&#8217; venuto apposta: \u00abFinalmente la Camera sbatte dietro le sbarre qualcuno. La gente \u00e8 stufa, non \u00e8 possibile che se io commetto un reato vengo arrestato e i politici no. Papa si difender\u00e0 e se \u00e8 innocente sar\u00f2 felice per lui ma oggi va bene cos\u00ec. L\u00e0 dentro hanno capito che rischiano grosso, altro che lancio delle monetine&#8230;\u00bb. Esce Landolfi ma si tiene lontano dalle transenne. Daniele aziona la sirena della polizia che ha portato per suonare la riscossa della giustizia: \u00abSono un elettore di centrosinistra ma sono furioso con tutta la classe politica. Da due anni poi non ci vedo pi\u00f9 dalla rabbia. Sono disposto a votare chiunque in modo trasversale purch\u00e8 sia una persona pulita. Ormai la pensiamo tutti cos\u00ec, mio fratello che non sa neppure se l&#8217;Italia sia una repubblica presidenziale mi ha detto stamattina di essere stufo. Tangentopoli non \u00e8 servita a niente, prima si rubava per il partito e oggi invece si ruba per se stessi\u00bb. Tangentopoli, gi\u00e0. Il pensionato Roberto Piperno, 65 anni, ex responsabile dell&#8217;etica aziendale in una grande societ\u00e0 americana, c&#8217;era. \u00abLo spirito \u00e8 quello del &#8217;92, dobbiamo ripartire da l\u00ec, il livello etico \u00e8 troppo scaduto\u00bb afferma brandendo un cartello con scritto \u00abParolisi s\u00ec e Papa no? Non esasperateci\u00bb. Roberto non \u00e8 un esagitato, parla pacatamente e non si scalda: \u00abI miei nipoti fanno di tutta l&#8217;erba un fascio, io no. Non sono tutti ladri ma ce ne sono diversi ed \u00e8 ora di veder trionfare la giustizia. Non \u00e8 bello vedere qualcuno arrestato ma se deve valere la presunzione di innocenza allora deve valere per tutti. Ho visto Murdoch interrogato a Londra e qui niente, i nostri politici si offendono anche se gli chiedi conto di ci\u00f2 che fanno\u00bb. E&#8217; ottimista per\u00f2, e non solo per l&#8217;arresto di Papa: \u00abDa tempo partecipo alle manifistezioni civili, prima eravamo solo pensionati ma ora ci sono molti giovani\u00bb.<\/p><\/blockquote>\n","protected":false},"excerpt":{"rendered":"<p>Francesca Paci su Lastampa.it Non erano tantissimi gli &#8220;indignados&#8221; italiani che aspettavano il verdetto su Papa al di l\u00e0 delle transenne di piazza Montecitorio. Una trentina di persone al massimo, ma determinate a far sentire la propria rabbia come quelle che il 30 aprile 1993 si radunarono davanti all&#8217;hotel Raphael di Roma per contestare Bettino &#8230; <a title=\"La rabbia degli indignados\" class=\"read-more\" href=\"https:\/\/www.pasteris.it\/blog\/2011\/07\/21\/la-rabbia-degli-indignados\/\" aria-label=\"Per saperne di pi\u00f9 su La rabbia degli indignados\">Leggi tutto<\/a><\/p>\n","protected":false},"author":3,"featured_media":0,"comment_status":"open","ping_status":"open","sticky":false,"template":"","format":"standard","meta":{"footnotes":""},"categories":[11,1],"tags":[61],"class_list":["post-26560","post","type-post","status-publish","format-standard","hentry","category-diritti","category-politica","tag-italia"],"_links":{"self":[{"href":"https:\/\/www.pasteris.it\/blog\/wp-json\/wp\/v2\/posts\/26560","targetHints":{"allow":["GET"]}}],"collection":[{"href":"https:\/\/www.pasteris.it\/blog\/wp-json\/wp\/v2\/posts"}],"about":[{"href":"https:\/\/www.pasteris.it\/blog\/wp-json\/wp\/v2\/types\/post"}],"author":[{"embeddable":true,"href":"https:\/\/www.pasteris.it\/blog\/wp-json\/wp\/v2\/users\/3"}],"replies":[{"embeddable":true,"href":"https:\/\/www.pasteris.it\/blog\/wp-json\/wp\/v2\/comments?post=26560"}],"version-history":[{"count":2,"href":"https:\/\/www.pasteris.it\/blog\/wp-json\/wp\/v2\/posts\/26560\/revisions"}],"predecessor-version":[{"id":26564,"href":"https:\/\/www.pasteris.it\/blog\/wp-json\/wp\/v2\/posts\/26560\/revisions\/26564"}],"wp:attachment":[{"href":"https:\/\/www.pasteris.it\/blog\/wp-json\/wp\/v2\/media?parent=26560"}],"wp:term":[{"taxonomy":"category","embeddable":true,"href":"https:\/\/www.pasteris.it\/blog\/wp-json\/wp\/v2\/categories?post=26560"},{"taxonomy":"post_tag","embeddable":true,"href":"https:\/\/www.pasteris.it\/blog\/wp-json\/wp\/v2\/tags?post=26560"}],"curies":[{"name":"wp","href":"https:\/\/api.w.org\/{rel}","templated":true}]}}