{"id":2681,"date":"2007-12-08T21:49:20","date_gmt":"2007-12-08T19:49:20","guid":{"rendered":"http:\/\/www.pasteris.it\/blog\/2007\/12\/08\/2681\/"},"modified":"2007-12-08T22:26:51","modified_gmt":"2007-12-08T20:26:51","slug":"asus-eee-pc","status":"publish","type":"post","link":"https:\/\/www.pasteris.it\/blog\/2007\/12\/08\/asus-eee-pc\/","title":{"rendered":"Asus Eee Pc"},"content":{"rendered":"<p>Via Enrico Sola<\/p>\n<p><img decoding=\"async\" src=\"http:\/\/www.suzukimaruti.it\/wp-content\/uploads\/2007\/12\/asus_eee_701.jpg\" id=\"image678\" title=\"asus_eee_701.jpg\" style=\"height: 193px\" alt=\"asus_eee_701.jpg\" align=\"right\" \/><\/p>\n<blockquote><p>L\u2019oggetto tecnologico pi\u00f9 en vogue questo Natale? Il Nabaztag? No. L\u2019iPhone? Manco a parlarne. Il Kindle? Pfui.<br \/>\nIl prodotto che sta stravendendo in questi giorni, e che \u00e8 praticamente sold-out nonostante l\u2019azienda che lo produce abbia previsto di venderne a secchiate, <a href=\"http:\/\/eeepc.asus.com\/us\/index.htm\" target=\"_blank\">\u00e8 l\u2019Asus Eee Pc<\/a>, il device che sta inaspettatamente rivoluzionando il mercato dei dispositivi mobili.<\/p>\n<p><!--more-->Che cos\u2019\u00e8 l\u2019Asus Eee Pc? Facile, \u00e8 un pc portatile prodotto dalla Asus. Per\u00f2 <a href=\"http:\/\/www.flickr.com\/photos\/dalelane\/2043346798\/\" target=\"_blank\">\u00e8 piccolo come un quaderno<\/a> e ha un peso irrisorio (qui <a href=\"http:\/\/nrkbeta.no\/wp-content\/uploads\/2007\/10\/1769428475_472edce205_o.jpg\" target=\"_blank\">una foto in cui lo si compara con un Nintendo DS<\/a>, per farsi un\u2019idea delle misure). In gergo tecnico \u00e8 un \u201cultraportatile\u201d, cio\u00e8 i computer pi\u00f9 cari in assoluto: quelli in cui la miniaturizzazione dei componenti viene fatta pagare carissima. Per dire, Sony produce <a href=\"http:\/\/www.sonystyle.com\/wcsstore\/SonyStyleStorefrontAssetStore\/flashfiles\/product_tours\/tz_series\/index.swf\" target=\"_blank\">lo strepitoso e bellissimo Vaio TZ<\/a>, tutto in fibra di carbonio, con una batteria da urlo e mille altre finezze. Ma per averlo bisogna scucire pi\u00f9 o meno 2000 euro. E la concorrenza non \u00e8 da meno: piccolo \u00e8 bello, ma \u00e8 inesorabilmente caro.<\/p>\n<p>Ecco, l\u2019Asus Eee Pc costa &#8211; a seconda delle configurazioni &#8211; da 299 a 499 dollari, che tradotto in euro fa una cifra ridicolmente bassa. La differenza tra l\u2019Eee e la concorrenza, ovvio, non \u00e8 solo nel prezzo, ma nelle dotazioni. L\u2019Eee, per esempio, ha uno schermo LCD di ottima qualit\u00e0, retroilluminato con LED, ma di soli 7 pollici, con una risoluzione di 800\u00d7480. E poi non ha l\u2019hard disk: al suo posto c\u2019\u00e8 un disco a stato solido da 2 a 8 Gigabyte a seconda della configurazione.<\/p><\/blockquote>\n","protected":false},"excerpt":{"rendered":"<p>Via Enrico Sola L\u2019oggetto tecnologico pi\u00f9 en vogue questo Natale? Il Nabaztag? No. L\u2019iPhone? Manco a parlarne. Il Kindle? Pfui. Il prodotto che sta stravendendo in questi giorni, e che \u00e8 praticamente sold-out nonostante l\u2019azienda che lo produce abbia previsto di venderne a secchiate, \u00e8 l\u2019Asus Eee Pc, il device che sta inaspettatamente rivoluzionando il &#8230; <a title=\"Asus Eee Pc\" class=\"read-more\" href=\"https:\/\/www.pasteris.it\/blog\/2007\/12\/08\/asus-eee-pc\/\" aria-label=\"Per saperne di pi\u00f9 su Asus Eee Pc\">Leggi tutto<\/a><\/p>\n","protected":false},"author":4,"featured_media":0,"comment_status":"open","ping_status":"open","sticky":false,"template":"","format":"standard","meta":{"footnotes":""},"categories":[],"tags":[138,184,240,36],"class_list":["post-2681","post","type-post","status-publish","format-standard","hentry","tag-flickr","tag-iphone","tag-natale","tag-tag"],"_links":{"self":[{"href":"https:\/\/www.pasteris.it\/blog\/wp-json\/wp\/v2\/posts\/2681","targetHints":{"allow":["GET"]}}],"collection":[{"href":"https:\/\/www.pasteris.it\/blog\/wp-json\/wp\/v2\/posts"}],"about":[{"href":"https:\/\/www.pasteris.it\/blog\/wp-json\/wp\/v2\/types\/post"}],"author":[{"embeddable":true,"href":"https:\/\/www.pasteris.it\/blog\/wp-json\/wp\/v2\/users\/4"}],"replies":[{"embeddable":true,"href":"https:\/\/www.pasteris.it\/blog\/wp-json\/wp\/v2\/comments?post=2681"}],"version-history":[{"count":0,"href":"https:\/\/www.pasteris.it\/blog\/wp-json\/wp\/v2\/posts\/2681\/revisions"}],"wp:attachment":[{"href":"https:\/\/www.pasteris.it\/blog\/wp-json\/wp\/v2\/media?parent=2681"}],"wp:term":[{"taxonomy":"category","embeddable":true,"href":"https:\/\/www.pasteris.it\/blog\/wp-json\/wp\/v2\/categories?post=2681"},{"taxonomy":"post_tag","embeddable":true,"href":"https:\/\/www.pasteris.it\/blog\/wp-json\/wp\/v2\/tags?post=2681"}],"curies":[{"name":"wp","href":"https:\/\/api.w.org\/{rel}","templated":true}]}}