{"id":27005,"date":"2011-09-20T08:36:05","date_gmt":"2011-09-20T06:36:05","guid":{"rendered":"http:\/\/www.pasteris.it\/blog\/?p=27005"},"modified":"2011-09-20T08:36:05","modified_gmt":"2011-09-20T06:36:05","slug":"standard-and-poors-ci-mette-in-classe-a","status":"publish","type":"post","link":"https:\/\/www.pasteris.it\/blog\/2011\/09\/20\/standard-and-poors-ci-mette-in-classe-a\/","title":{"rendered":"Standard and Poor&#8217;s ci mette in classe A"},"content":{"rendered":"<p>Sempre peggio, si prevedono borse sempre pi\u00f9 in caduta libera<a href=\"http:\/\/www.ilsole24ore.com\/art\/finanza-e-mercati\/2011-09-20\/standard-poors-abbassa-rating-005828.shtml\" target=\"_blank\">Via Il Sole 24 Ore<\/a><\/p>\n<blockquote><p>Standard and Poor&#8217;s ha deciso di tagliare il rating sul debito italiano, portandolo da A+ ad A. La notizia \u00e8 arrivata almeno in parte a sorpresa, dopo che Moody&#8217;s aveva deciso di tenere sotto osservazione il nostro debito sovrano ancora per un mese, ed \u00e8 arrivata nella notte (italiana) tra luned\u00ec e marted\u00ec. L&#8217;agenzia di rating statunitense Standard and Poor&#8217;s ha dunque declassato il debito sovrano dell&#8217;Italia portandolo a \u00abA\u00bb da \u00abA+\u00bb. L&#8217;Outlook \u00e8 negativo.<\/p>\n<p>Il declassamento, spiega S&#038;P in un comunicato, \u00abriflette la nostra visione di prospettive di crescita indebolita\u00bb per il Paese. Inoltre, spiega l&#8217;agenzia di rating, \u00abla fragile coalizione di governo e le differenze politiche all&#8217;interno del Parlamento continueranno probabilmente a limitare l&#8217;abilit\u00e0 dell&#8217;esecutivo a rispondere con decisione a un contesto macroeconomico interno ed esterno difficile\u00bb.<\/p><\/blockquote>\n","protected":false},"excerpt":{"rendered":"<p>Sempre peggio, si prevedono borse sempre pi\u00f9 in caduta liberaVia Il Sole 24 Ore Standard and Poor&#8217;s ha deciso di tagliare il rating sul debito italiano, portandolo da A+ ad A. La notizia \u00e8 arrivata almeno in parte a sorpresa, dopo che Moody&#8217;s aveva deciso di tenere sotto osservazione il nostro debito sovrano ancora per &#8230; <a title=\"Standard and Poor&#8217;s ci mette in classe A\" class=\"read-more\" href=\"https:\/\/www.pasteris.it\/blog\/2011\/09\/20\/standard-and-poors-ci-mette-in-classe-a\/\" aria-label=\"Per saperne di pi\u00f9 su Standard and Poor&#8217;s ci mette in classe A\">Leggi tutto<\/a><\/p>\n","protected":false},"author":3,"featured_media":0,"comment_status":"open","ping_status":"open","sticky":false,"template":"","format":"standard","meta":{"footnotes":""},"categories":[17,1],"tags":[379,2162],"class_list":["post-27005","post","type-post","status-publish","format-standard","hentry","category-economia","category-politica","tag-crisi","tag-economia"],"_links":{"self":[{"href":"https:\/\/www.pasteris.it\/blog\/wp-json\/wp\/v2\/posts\/27005","targetHints":{"allow":["GET"]}}],"collection":[{"href":"https:\/\/www.pasteris.it\/blog\/wp-json\/wp\/v2\/posts"}],"about":[{"href":"https:\/\/www.pasteris.it\/blog\/wp-json\/wp\/v2\/types\/post"}],"author":[{"embeddable":true,"href":"https:\/\/www.pasteris.it\/blog\/wp-json\/wp\/v2\/users\/3"}],"replies":[{"embeddable":true,"href":"https:\/\/www.pasteris.it\/blog\/wp-json\/wp\/v2\/comments?post=27005"}],"version-history":[{"count":1,"href":"https:\/\/www.pasteris.it\/blog\/wp-json\/wp\/v2\/posts\/27005\/revisions"}],"predecessor-version":[{"id":27006,"href":"https:\/\/www.pasteris.it\/blog\/wp-json\/wp\/v2\/posts\/27005\/revisions\/27006"}],"wp:attachment":[{"href":"https:\/\/www.pasteris.it\/blog\/wp-json\/wp\/v2\/media?parent=27005"}],"wp:term":[{"taxonomy":"category","embeddable":true,"href":"https:\/\/www.pasteris.it\/blog\/wp-json\/wp\/v2\/categories?post=27005"},{"taxonomy":"post_tag","embeddable":true,"href":"https:\/\/www.pasteris.it\/blog\/wp-json\/wp\/v2\/tags?post=27005"}],"curies":[{"name":"wp","href":"https:\/\/api.w.org\/{rel}","templated":true}]}}