{"id":27026,"date":"2011-09-22T11:46:31","date_gmt":"2011-09-22T09:46:31","guid":{"rendered":"http:\/\/www.pasteris.it\/blog\/?p=27026"},"modified":"2011-09-22T11:51:57","modified_gmt":"2011-09-22T09:51:57","slug":"a-ravenna-2011-si-parla-di-greenjobs","status":"publish","type":"post","link":"https:\/\/www.pasteris.it\/blog\/2011\/09\/22\/a-ravenna-2011-si-parla-di-greenjobs\/","title":{"rendered":"A Ravenna 2011 si parla di GreenJobs"},"content":{"rendered":"<p><img loading=\"lazy\" decoding=\"async\" class=\"alignright\" title=\"labecamp\" src=\"http:\/\/barcamp.org\/f\/1276866220\/labecamp-logo.jpg\" alt=\"\" width=\"249\" height=\"119\" \/>Saranno oltre 4 milioni e mezzo i nuovi posti di lavoro generati entro il 2020 dalla cosiddetta Green Economy. Un potenziale e un\u2019iniezione di positivit\u00e0 per un economia, quella europea, che ha sofferto pi\u00f9 di altre la crisi e l\u2019instabilit\u00e0 attuale dei mercati.<\/p>\n<p>Se ne parler\u00e0 a Ravenna2011, oramai un classico del panorama \u201cgreen\u201d italiano, nel corso di una conferenza, venerd\u00ec 30 settembre, moderata da Umberto Torelli, del Corriere della Sera, che vedr\u00e0 la partecipazione di esperti di Universit\u00e0, Istituzioni di ricerca e Imprese, con l\u2019intervento di Marco Gisotti, autore insieme a Tessa Gelisio del libro \u201cGuida ai green jobs\u201d.<\/p>\n<p>Le figure professionali richieste dallo \u201csviluppo sostenibile\u201d consentono nuove opportunit\u00e0 di occupazione per i giovani e occasioni di business per le piccole e medie imprese.<!--more--><\/p>\n<p>Il convegno intende prendere spunto dalla presentazione della Guida di Marco Gisotti per verificare come il tema della tutela dell\u2019ambiente stia cambiando anche nel nostro territorio il mondo del lavoro e indicare percorsi formativi, prospettive occupazionali e orientamenti per il futuro.<\/p>\n<p>Ravenna2011, evento a km zero, si svolge interamente nel Centro Storico pedonale di Ravenna all&#8217;interno di 10 Sale attrezzate, in Piazza del Popolo e nelle principali vie del Centro Storico, prender\u00e0 il via il 28 settembre e proporr\u00e0 conferenze, workshop ed anche un barcamp sui temi della sostenibilit\u00e0 ambientale e sulle buone pratiche in tema rifiuti\/acqua\/energia.<\/p>\n<p><a href=\"http:\/\/www.ravenna2011.it\/?wpsc-product=conferenza-3-green-jobs\">Il programma completo della conferenza sui \u201cGreen Jobs\u201d<\/a> \u00e8 disponibile a questo indirizzo:<\/p>\n<p><a href=\"http:\/\/www.ravenna2011.it\/?page_id=54 \" target=\"_blank\">Il programma completo di Ravenna2011<\/a><\/p>\n","protected":false},"excerpt":{"rendered":"<p>Saranno oltre 4 milioni e mezzo i nuovi posti di lavoro generati entro il 2020 dalla cosiddetta Green Economy. Un potenziale e un\u2019iniezione di positivit\u00e0 per un economia, quella europea, che ha sofferto pi\u00f9 di altre la crisi e l\u2019instabilit\u00e0 attuale dei mercati. Se ne parler\u00e0 a Ravenna2011, oramai un classico del panorama \u201cgreen\u201d italiano, &#8230; <a title=\"A Ravenna 2011 si parla di GreenJobs\" class=\"read-more\" href=\"https:\/\/www.pasteris.it\/blog\/2011\/09\/22\/a-ravenna-2011-si-parla-di-greenjobs\/\" aria-label=\"Per saperne di pi\u00f9 su A Ravenna 2011 si parla di GreenJobs\">Leggi tutto<\/a><\/p>\n","protected":false},"author":3,"featured_media":0,"comment_status":"open","ping_status":"open","sticky":false,"template":"","format":"standard","meta":{"footnotes":""},"categories":[49,17],"tags":[2172,1693],"class_list":["post-27026","post","type-post","status-publish","format-standard","hentry","category-ambiente","category-economia","tag-ambiente","tag-labecamp-ravenna"],"_links":{"self":[{"href":"https:\/\/www.pasteris.it\/blog\/wp-json\/wp\/v2\/posts\/27026","targetHints":{"allow":["GET"]}}],"collection":[{"href":"https:\/\/www.pasteris.it\/blog\/wp-json\/wp\/v2\/posts"}],"about":[{"href":"https:\/\/www.pasteris.it\/blog\/wp-json\/wp\/v2\/types\/post"}],"author":[{"embeddable":true,"href":"https:\/\/www.pasteris.it\/blog\/wp-json\/wp\/v2\/users\/3"}],"replies":[{"embeddable":true,"href":"https:\/\/www.pasteris.it\/blog\/wp-json\/wp\/v2\/comments?post=27026"}],"version-history":[{"count":3,"href":"https:\/\/www.pasteris.it\/blog\/wp-json\/wp\/v2\/posts\/27026\/revisions"}],"predecessor-version":[{"id":27028,"href":"https:\/\/www.pasteris.it\/blog\/wp-json\/wp\/v2\/posts\/27026\/revisions\/27028"}],"wp:attachment":[{"href":"https:\/\/www.pasteris.it\/blog\/wp-json\/wp\/v2\/media?parent=27026"}],"wp:term":[{"taxonomy":"category","embeddable":true,"href":"https:\/\/www.pasteris.it\/blog\/wp-json\/wp\/v2\/categories?post=27026"},{"taxonomy":"post_tag","embeddable":true,"href":"https:\/\/www.pasteris.it\/blog\/wp-json\/wp\/v2\/tags?post=27026"}],"curies":[{"name":"wp","href":"https:\/\/api.w.org\/{rel}","templated":true}]}}