{"id":27222,"date":"2011-10-14T07:53:10","date_gmt":"2011-10-14T05:53:10","guid":{"rendered":"http:\/\/www.pasteris.it\/blog\/?p=27222"},"modified":"2011-10-14T13:40:41","modified_gmt":"2011-10-14T11:40:41","slug":"anima-e-ipad","status":"publish","type":"post","link":"https:\/\/www.pasteris.it\/blog\/2011\/10\/14\/anima-e-ipad\/","title":{"rendered":"Anima e Ipad"},"content":{"rendered":"<p><a href=\"http:\/\/www.pasteris.it\/blog\/wp-content\/uploads\/2011\/10\/animapad.jpg\"><img loading=\"lazy\" decoding=\"async\" class=\"alignright size-full wp-image-27234\" title=\"animapad\" src=\"http:\/\/www.pasteris.it\/blog\/wp-content\/uploads\/2011\/10\/animapad.jpg\" alt=\"\" width=\"161\" height=\"249\" \/><\/a><a href=\"http:\/\/it.wikipedia.org\/wiki\/Maurizio_Ferraris\" target=\"_blank\">Maurizio Ferraris<\/a>, un vero genio dei tempi moderni ha sfornato questa estate <a href=\"http:\/\/www.guanda.it\/scheda.asp?editore=Guanda&amp;idlibro=7326&amp;titolo=ANIMA+E+iPad\" target=\"_blank\">un nuovo libro<\/a><\/p>\n<blockquote><p>Che cosa c\u2019entra l\u2019anima con l\u2019iPad? In apparenza, niente. La prima \u00e8 quella fitta di rimorso che ci avvisa che siamo vivi e coscienti, il secondo \u00e8 l\u2019assoluto tecnologico del momento. Tuttavia, questa strana coppia ha una affinit\u00e0 profonda, perch\u00e9 la tecnica non \u00e8 aberrazione, ma rivelazione e, come in un corteo, porta alla ribalta una moltitudine di cose antichissime. Quali? Anzitutto la scrittura. Tanto l\u2019anima quanto l\u2019iPad hanno memoria da vendere e sono dei blocchi su cui si legge, si scrive e si archivia. S\u00ec, perch\u00e9 non solo il \u00abpad\u00bb di iPad ci ricorda il blocco di carta gialla e rigata reso familiare dai legal thriller, ma la pi\u00f9 antica immagine dell\u2019anima, da Platone a Freud, \u00e8 stata quella della tavoletta di cera, gialla anche lei, la tabula su cui si scrive e si cancella. Questa scrittura, dentro e fuori della mente, \u00e8 l\u2019origine della coscienza e del mondo sociale.<!--more--><br \/>\nPerch\u00e9 la scrittura \u00e8 insieme la base della realt\u00e0 sociale e la base della nostra coscienza e del nostro pensiero, il cui spettro peggiore \u00e8 proprio l\u2019Alzheimer, la perdita della memoria vissuta come perdita del pensiero. Ecco perch\u00e9 la grande svolta tecnologica che ha caratterizzato gli ultimi trent\u2019anni ha riguardato proprio la scrittura, e il suo emblema \u00e8 oggi l\u2019iPad. Anima e iPad sono dunque gemelli. E l\u2019iPad, che quando \u00e8 spento, con il suo schermo lucido, pu\u00f2 servire come specchio per pettinarsi o rifarsi il trucco, quando \u00e8 acceso, con la sua memoria attivata, diviene letteralmente lo specchio dell\u2019anima.<\/p><\/blockquote>\n","protected":false},"excerpt":{"rendered":"<p>Maurizio Ferraris, un vero genio dei tempi moderni ha sfornato questa estate un nuovo libro Che cosa c\u2019entra l\u2019anima con l\u2019iPad? In apparenza, niente. La prima \u00e8 quella fitta di rimorso che ci avvisa che siamo vivi e coscienti, il secondo \u00e8 l\u2019assoluto tecnologico del momento. Tuttavia, questa strana coppia ha una affinit\u00e0 profonda, perch\u00e9 &#8230; <a title=\"Anima e Ipad\" class=\"read-more\" href=\"https:\/\/www.pasteris.it\/blog\/2011\/10\/14\/anima-e-ipad\/\" aria-label=\"Per saperne di pi\u00f9 su Anima e Ipad\">Leggi tutto<\/a><\/p>\n","protected":false},"author":3,"featured_media":0,"comment_status":"open","ping_status":"open","sticky":false,"template":"","format":"standard","meta":{"footnotes":""},"categories":[13,32],"tags":[1733,1236,198],"class_list":["post-27222","post","type-post","status-publish","format-standard","hentry","category-multimedia","category-pensieri","tag-ferraris","tag-ipad","tag-libri"],"_links":{"self":[{"href":"https:\/\/www.pasteris.it\/blog\/wp-json\/wp\/v2\/posts\/27222","targetHints":{"allow":["GET"]}}],"collection":[{"href":"https:\/\/www.pasteris.it\/blog\/wp-json\/wp\/v2\/posts"}],"about":[{"href":"https:\/\/www.pasteris.it\/blog\/wp-json\/wp\/v2\/types\/post"}],"author":[{"embeddable":true,"href":"https:\/\/www.pasteris.it\/blog\/wp-json\/wp\/v2\/users\/3"}],"replies":[{"embeddable":true,"href":"https:\/\/www.pasteris.it\/blog\/wp-json\/wp\/v2\/comments?post=27222"}],"version-history":[{"count":3,"href":"https:\/\/www.pasteris.it\/blog\/wp-json\/wp\/v2\/posts\/27222\/revisions"}],"predecessor-version":[{"id":27224,"href":"https:\/\/www.pasteris.it\/blog\/wp-json\/wp\/v2\/posts\/27222\/revisions\/27224"}],"wp:attachment":[{"href":"https:\/\/www.pasteris.it\/blog\/wp-json\/wp\/v2\/media?parent=27222"}],"wp:term":[{"taxonomy":"category","embeddable":true,"href":"https:\/\/www.pasteris.it\/blog\/wp-json\/wp\/v2\/categories?post=27222"},{"taxonomy":"post_tag","embeddable":true,"href":"https:\/\/www.pasteris.it\/blog\/wp-json\/wp\/v2\/tags?post=27222"}],"curies":[{"name":"wp","href":"https:\/\/api.w.org\/{rel}","templated":true}]}}