{"id":27446,"date":"2011-11-07T15:41:40","date_gmt":"2011-11-07T13:41:40","guid":{"rendered":"http:\/\/www.pasteris.it\/blog\/?p=27446"},"modified":"2011-11-07T15:45:07","modified_gmt":"2011-11-07T13:45:07","slug":"quotidiano-piemontese-il-maltempo-in-piemonte-quelli-che-allertameteopm-e-il-lavoro-che-paga","status":"publish","type":"post","link":"https:\/\/www.pasteris.it\/blog\/2011\/11\/07\/quotidiano-piemontese-il-maltempo-in-piemonte-quelli-che-allertameteopm-e-il-lavoro-che-paga\/","title":{"rendered":"Quotidiano Piemontese, il maltempo in Piemonte, quelli che #allertameteoPM e il lavoro che paga"},"content":{"rendered":"<p>Un grazie di cuore a tutta la redazione e a &#8220;quelli che #allertameteoPM&#8221;<\/p>\n<p><a href=\"http:\/\/www.soloparolesparse.com\/2011\/11\/quando-il-lavoro-paga-complimenti-a-quotidiano-piemontese\/\" target=\"_blank\">Via Parole Sparse<\/a><\/p>\n<blockquote><p>Nel weekend avrete probabilmente seguito gli sviluppi della difficile situazione meteo in Liguria e Piemonte. L\u2019avrete fatto in televisione o sui siti dei giornali scegliendo il mezzo che vi \u00e8 sembrato pi\u00f9 adatto. A mio avviso avreste dovuto farlo seguendo gli aggiornamenti di <a href=\"http:\/\/www.quotidianopiemontese.it\/\" target=\"_blank\">Quotidiano Piemontese<\/a>.<\/p>\n<p>A partire da venerd\u00ec 5 novembre il giovane quotidiano online piemontese ha dedicato una serie di pagine agli aggiornamenti in tempo reale su quello che stava accadendo, rilanciando le notizie dell\u2019Arpa, quelle del Comune di Torino, quelle della Protezione Civile e verificando sul territorio quello che stava accadendo.<!--more--><br \/>\nCos\u00ec, mentre i cugini grandi de La Stampa erano costretti a modificare titoli da sciacalli come \u201cEsclusivo: la casa della morte\u201d dopo la pioggia di proteste dei lettori (si parla del palazzo di Genova dove hanno perso la vita sei persone), quelli di QP erano impegnati a cercare informazioni utili e consegnarle ai propri lettori.<\/p>\n<p>Nel frattempo il lavoro della redazione si svolgeva anche su Twitter (l\u2019hashtag <a href=\"https:\/\/twitter.com\/#%21\/search?q=%23allertameteopm\" target=\"_blank\">#allertameteoPM<\/a> \u00e8 stato gettonatissimo) e Facebook facendo informazione utilissima per tutta la giornata di <a href=\"http:\/\/www.quotidianopiemontese.it\/2011\/11\/04\/maltempo-in-piemonte-le-ultime-notizie\/\" target=\"_blank\">venerd\u00ec<\/a>, quella di <a href=\"http:\/\/www.quotidianopiemontese.it\/2011\/11\/04\/maltempo-in-piemonte-le-ultime-notizie-2\/\" target=\"_blank\">sabato<\/a> e soprattutto durante la difficile <a href=\"http:\/\/www.quotidianopiemontese.it\/2011\/11\/06\/maltempo-in-piemonte-le-ultime-notizie-3\/\" target=\"_blank\">domenica<\/a>.<\/p>\n<p>La notizia buona (ed \u00e8 qui che la speranza per un futuro migliore nel nostro paese torna ad affacciarsi) \u00e8 che il pubblico dei lettori e degli utenti se ne \u00e8 accorto\u2026 eccome! Quotidiano Piemontese ha prima raddoppiato i suoi utenti standard nella giornata di venerd\u00ec, per poi moltiplicarli ancora per due nella giornata di sabato e chiudere la giornata di domenica con un risultato in termini di contatti davvero impressionante (otto volte i normali lettori del giornale). Questo, mi sembra evidente, vuol dire che il lavoro ben fatto, duro, attento e che va incontro alle esigenze dei lettori e non al titolone ad effetto finalmente torna a pagare il giusto! L\u2019impressione \u00e8 confermata dalle mail di complimenti ricevute dalla redazione.<br \/>\nBuone notizie insomma!<\/p>\n<p>Nota in chiusura per evitare polemiche. Mi sono permesso questa sviolinata alla redazione di QP pur facendone parte solo perch\u00e8 il mio apporto nel weekend \u00e8 stato praticamente nulla (mi sono limitato a rilanciare sui social attraverso i miei accounts e alcune pagine che gestisco). Insomma non ho praticamente alcun merito nel risultato ottenuto. Ovviamente gli aggiornamenti <a href=\"http:\/\/www.quotidianopiemontese.it\/2011\/11\/07\/maltempo-in-piemonte-le-ultime-notizie-4\/\" target=\"_blank\">continuano anche oggi<\/a>, visto che la situazione non \u00e8 ancora risolta.<\/p><\/blockquote>\n","protected":false},"excerpt":{"rendered":"<p>Un grazie di cuore a tutta la redazione e a &#8220;quelli che #allertameteoPM&#8221; Via Parole Sparse Nel weekend avrete probabilmente seguito gli sviluppi della difficile situazione meteo in Liguria e Piemonte. L\u2019avrete fatto in televisione o sui siti dei giornali scegliendo il mezzo che vi \u00e8 sembrato pi\u00f9 adatto. A mio avviso avreste dovuto farlo &#8230; <a title=\"Quotidiano Piemontese, il maltempo in Piemonte, quelli che #allertameteoPM e il lavoro che paga\" class=\"read-more\" href=\"https:\/\/www.pasteris.it\/blog\/2011\/11\/07\/quotidiano-piemontese-il-maltempo-in-piemonte-quelli-che-allertameteopm-e-il-lavoro-che-paga\/\" aria-label=\"Per saperne di pi\u00f9 su Quotidiano Piemontese, il maltempo in Piemonte, quelli che #allertameteoPM e il lavoro che paga\">Leggi tutto<\/a><\/p>\n","protected":false},"author":3,"featured_media":0,"comment_status":"open","ping_status":"open","sticky":false,"template":"","format":"standard","meta":{"footnotes":""},"categories":[32,14],"tags":[218,267,1546],"class_list":["post-27446","post","type-post","status-publish","format-standard","hentry","category-pensieri","category-torino","tag-maltempo","tag-piemonte","tag-quotidiano-piemontese"],"_links":{"self":[{"href":"https:\/\/www.pasteris.it\/blog\/wp-json\/wp\/v2\/posts\/27446","targetHints":{"allow":["GET"]}}],"collection":[{"href":"https:\/\/www.pasteris.it\/blog\/wp-json\/wp\/v2\/posts"}],"about":[{"href":"https:\/\/www.pasteris.it\/blog\/wp-json\/wp\/v2\/types\/post"}],"author":[{"embeddable":true,"href":"https:\/\/www.pasteris.it\/blog\/wp-json\/wp\/v2\/users\/3"}],"replies":[{"embeddable":true,"href":"https:\/\/www.pasteris.it\/blog\/wp-json\/wp\/v2\/comments?post=27446"}],"version-history":[{"count":3,"href":"https:\/\/www.pasteris.it\/blog\/wp-json\/wp\/v2\/posts\/27446\/revisions"}],"predecessor-version":[{"id":27448,"href":"https:\/\/www.pasteris.it\/blog\/wp-json\/wp\/v2\/posts\/27446\/revisions\/27448"}],"wp:attachment":[{"href":"https:\/\/www.pasteris.it\/blog\/wp-json\/wp\/v2\/media?parent=27446"}],"wp:term":[{"taxonomy":"category","embeddable":true,"href":"https:\/\/www.pasteris.it\/blog\/wp-json\/wp\/v2\/categories?post=27446"},{"taxonomy":"post_tag","embeddable":true,"href":"https:\/\/www.pasteris.it\/blog\/wp-json\/wp\/v2\/tags?post=27446"}],"curies":[{"name":"wp","href":"https:\/\/api.w.org\/{rel}","templated":true}]}}