{"id":27479,"date":"2011-11-11T11:33:54","date_gmt":"2011-11-11T09:33:54","guid":{"rendered":"http:\/\/www.pasteris.it\/blog\/?p=27479"},"modified":"2011-11-09T01:44:16","modified_gmt":"2011-11-08T23:44:16","slug":"donne-e-media-a-roma-il-25-novembre","status":"publish","type":"post","link":"https:\/\/www.pasteris.it\/blog\/2011\/11\/11\/donne-e-media-a-roma-il-25-novembre\/","title":{"rendered":"Donne e Media a Roma il 25 novembre"},"content":{"rendered":"<p><a href=\"http:\/\/www.associazionepulitzer.it\/wp-content\/uploads\/2011\/11\/Donnemedia-25112011-Volantino.pdf\"><img loading=\"lazy\" decoding=\"async\" class=\"alignright\" title=\"DonneMedia-25112011-Volantino\" src=\"http:\/\/www.associazionepulitzer.it\/wp-content\/uploads\/2011\/11\/DonneMedia-25112011-Volantino-212x300.jpg\" alt=\"\" width=\"212\" height=\"300\" \/><\/a>Vogliamo un Paese che rispetti le donne\u201d \u00e8 stato il grido di un milione di donne italiane scese in piazza a febbraio per rivendicare maggiore dignit\u00e0 e pari opportunit\u00e0 in un Paese ancora molto maschilista, dove l\u2019apparenza conta pi\u00f9 di qualsiasi merito, competenza professionale o qualit\u00e0 personale. Un Paese dove fare la velina \u00e8 tra le professioni pi\u00f9 ambite, dove grazie alla politica abbiamo imparato che cosa sono le escort e, grazie alla tv e alla pubblicit\u00e0, siamo convinti che il modello femminile al quale assomigliare sia quello di una bambola di gomma tanto perfetta e lucida, quanto finta ed effimera, tanto sorridente, quanto muta e vuota.<\/p>\n<p>Come si \u00e8 arrivati a tutto questo? \u00c8 tutta colpa dei media, della tv in particolare, e dei falsi modelli che trasmettono? O i media fanno da cassa di risonanza, amplificatori di una questione che \u00e8 prima di tutto sociale e culturale, insita nel nostro vivere quotidiano e nel nostro sentire comune?<\/p>\n<p>Qualunque sia la risposta \u00e8 necessario parlarne apertamente, sensibilizzare l\u2019opinione pubblica e coinvolgere i media affinch\u00e8 passi un nuovo messaggio. Bisogna individuare modelli alternativi ai quali guardare, giungere a una diversa definizione e comunicazione del femminile.<!--more--><\/p>\n<p>Questi i temi al centro del dibattito \u201c<a href=\"http:\/\/www.associazionepulitzer.it\/2011\/11\/donne-e-media\/\">Donne e Media<\/a>\u201d, che si terr\u00e0 venerd\u00ec 25 novembre alle ore 18.00 presso la sala Odeion dell\u2019 Universit\u00e0 \u201cLa Sapienza\u201d, Piazzale Aldo Moro 5, a Roma.<\/p>\n<p>Interverranno Lucia Visca, Presidente e coordinatrice nazionale del Comitato per le Pari Opportunit\u00e0 della Federazione Nazionale della Stampa, Giovanna Cosenza, blogger e docente di semiotica dei nuovi media presso l\u2018Universit\u00e0 di Bologna, Loredana Lipperini giornalista, scrittrice e conduttrice radiofonica, Antonella Beccaria, giornalista, scrittrice e redattrice di LSDI e Natascha Fioretti, giornalista, coordinatrice delle attivit\u00e0 per la donna dell\u2019 Associazione Pulitzer e responsabile della sezione italiana dell\u2019 European Jornalism Observatory .<\/p>\n","protected":false},"excerpt":{"rendered":"<p>Vogliamo un Paese che rispetti le donne\u201d \u00e8 stato il grido di un milione di donne italiane scese in piazza a febbraio per rivendicare maggiore dignit\u00e0 e pari opportunit\u00e0 in un Paese ancora molto maschilista, dove l\u2019apparenza conta pi\u00f9 di qualsiasi merito, competenza professionale o qualit\u00e0 personale. Un Paese dove fare la velina \u00e8 tra &#8230; <a title=\"Donne e Media a Roma il 25 novembre\" class=\"read-more\" href=\"https:\/\/www.pasteris.it\/blog\/2011\/11\/11\/donne-e-media-a-roma-il-25-novembre\/\" aria-label=\"Per saperne di pi\u00f9 su Donne e Media a Roma il 25 novembre\">Leggi tutto<\/a><\/p>\n","protected":false},"author":3,"featured_media":0,"comment_status":"open","ping_status":"open","sticky":false,"template":"","format":"standard","meta":{"footnotes":""},"categories":[28,30],"tags":[488,1741,210,1338],"class_list":["post-27479","post","type-post","status-publish","format-standard","hentry","category-eventi","category-media","tag-donne","tag-ejo","tag-lsdi","tag-pulitzer"],"_links":{"self":[{"href":"https:\/\/www.pasteris.it\/blog\/wp-json\/wp\/v2\/posts\/27479","targetHints":{"allow":["GET"]}}],"collection":[{"href":"https:\/\/www.pasteris.it\/blog\/wp-json\/wp\/v2\/posts"}],"about":[{"href":"https:\/\/www.pasteris.it\/blog\/wp-json\/wp\/v2\/types\/post"}],"author":[{"embeddable":true,"href":"https:\/\/www.pasteris.it\/blog\/wp-json\/wp\/v2\/users\/3"}],"replies":[{"embeddable":true,"href":"https:\/\/www.pasteris.it\/blog\/wp-json\/wp\/v2\/comments?post=27479"}],"version-history":[{"count":2,"href":"https:\/\/www.pasteris.it\/blog\/wp-json\/wp\/v2\/posts\/27479\/revisions"}],"predecessor-version":[{"id":27481,"href":"https:\/\/www.pasteris.it\/blog\/wp-json\/wp\/v2\/posts\/27479\/revisions\/27481"}],"wp:attachment":[{"href":"https:\/\/www.pasteris.it\/blog\/wp-json\/wp\/v2\/media?parent=27479"}],"wp:term":[{"taxonomy":"category","embeddable":true,"href":"https:\/\/www.pasteris.it\/blog\/wp-json\/wp\/v2\/categories?post=27479"},{"taxonomy":"post_tag","embeddable":true,"href":"https:\/\/www.pasteris.it\/blog\/wp-json\/wp\/v2\/tags?post=27479"}],"curies":[{"name":"wp","href":"https:\/\/api.w.org\/{rel}","templated":true}]}}