{"id":27580,"date":"2011-11-23T01:22:14","date_gmt":"2011-11-23T00:22:14","guid":{"rendered":"http:\/\/www.pasteris.it\/blog\/?p=27580"},"modified":"2011-11-23T01:22:14","modified_gmt":"2011-11-23T00:22:14","slug":"la-voglia-di-tornare-a-sognare","status":"publish","type":"post","link":"https:\/\/www.pasteris.it\/blog\/2011\/11\/23\/la-voglia-di-tornare-a-sognare\/","title":{"rendered":"La voglia di tornare a sognare"},"content":{"rendered":"<p><a href=\"http:\/\/www.tornareasognare.it\/\" target=\"_blank\">Anche voi potete aderire all&#8217;appello<\/a><\/p>\n<blockquote><p>Per guardare al futuro con fiducia, occorre <a href=\"http:\/\/www.tornareasognare.it\/\" target=\"_blank\"><strong>tornare a sognare<\/strong>.<\/a> Come fecero i nostri padri, dopo i disastri della guerra. Prendendo a modello chi sa vedere quel che ancora non c\u2019\u00e8 e dedica tutte le sue energie a realizzarlo. Occorre scoprire e far conoscere questi esempi positivi. Storie di ieri, come quella di un italiano fra le macerie, col sogno folle di puntare tutto sugli altri per ricominciare. Storie di oggi, dei tanti che magari accanto a noi, sanno inseguire con tenacia e creativit\u00e0 questi sogni, credere che tutto \u00e8 possibile, se lo vogliamo. Persino fare squadra, invece di diffidare degli altri o peggio ancora, cercare di fregarli.<\/p>\n<p>Dobbiamo spostare i riflettori dai troppi inetti, arroganti e litigiosi che hanno goduto di una immeritata visibilit\u00e0 ed hanno diffuso modelli devastanti che sono le macerie di cui liberarci. Basta aprire gli occhi, per trovare nuovi modelli, inseguendo il talento. Occorre trarne ispirazione e farli conoscere, soprattutto ai pi\u00f9 giovani. Dando a loro nel frattempo molta pi\u00f9 voce e ascolto. <em>Perch\u00e8 certo i pi\u00f9 giovani hanno molto da insegnare ai pi\u00f9 anziani, su come si guarda al futuro.<\/em><\/p><\/blockquote>\n","protected":false},"excerpt":{"rendered":"<p>Anche voi potete aderire all&#8217;appello Per guardare al futuro con fiducia, occorre tornare a sognare. Come fecero i nostri padri, dopo i disastri della guerra. Prendendo a modello chi sa vedere quel che ancora non c\u2019\u00e8 e dedica tutte le sue energie a realizzarlo. Occorre scoprire e far conoscere questi esempi positivi. Storie di ieri, &#8230; <a title=\"La voglia di tornare a sognare\" class=\"read-more\" href=\"https:\/\/www.pasteris.it\/blog\/2011\/11\/23\/la-voglia-di-tornare-a-sognare\/\" aria-label=\"Per saperne di pi\u00f9 su La voglia di tornare a sognare\">Leggi tutto<\/a><\/p>\n","protected":false},"author":3,"featured_media":0,"comment_status":"open","ping_status":"open","sticky":false,"template":"","format":"standard","meta":{"footnotes":""},"categories":[1,32],"tags":[61],"class_list":["post-27580","post","type-post","status-publish","format-standard","hentry","category-politica","category-pensieri","tag-italia"],"_links":{"self":[{"href":"https:\/\/www.pasteris.it\/blog\/wp-json\/wp\/v2\/posts\/27580","targetHints":{"allow":["GET"]}}],"collection":[{"href":"https:\/\/www.pasteris.it\/blog\/wp-json\/wp\/v2\/posts"}],"about":[{"href":"https:\/\/www.pasteris.it\/blog\/wp-json\/wp\/v2\/types\/post"}],"author":[{"embeddable":true,"href":"https:\/\/www.pasteris.it\/blog\/wp-json\/wp\/v2\/users\/3"}],"replies":[{"embeddable":true,"href":"https:\/\/www.pasteris.it\/blog\/wp-json\/wp\/v2\/comments?post=27580"}],"version-history":[{"count":2,"href":"https:\/\/www.pasteris.it\/blog\/wp-json\/wp\/v2\/posts\/27580\/revisions"}],"predecessor-version":[{"id":27582,"href":"https:\/\/www.pasteris.it\/blog\/wp-json\/wp\/v2\/posts\/27580\/revisions\/27582"}],"wp:attachment":[{"href":"https:\/\/www.pasteris.it\/blog\/wp-json\/wp\/v2\/media?parent=27580"}],"wp:term":[{"taxonomy":"category","embeddable":true,"href":"https:\/\/www.pasteris.it\/blog\/wp-json\/wp\/v2\/categories?post=27580"},{"taxonomy":"post_tag","embeddable":true,"href":"https:\/\/www.pasteris.it\/blog\/wp-json\/wp\/v2\/tags?post=27580"}],"curies":[{"name":"wp","href":"https:\/\/api.w.org\/{rel}","templated":true}]}}