{"id":27625,"date":"2011-11-28T13:15:57","date_gmt":"2011-11-28T12:15:57","guid":{"rendered":"http:\/\/www.pasteris.it\/blog\/?p=27625"},"modified":"2011-11-28T13:15:57","modified_gmt":"2011-11-28T12:15:57","slug":"da-wikileaks-a-user-generated-leaks","status":"publish","type":"post","link":"https:\/\/www.pasteris.it\/blog\/2011\/11\/28\/da-wikileaks-a-user-generated-leaks\/","title":{"rendered":"Da Wikileaks a User Generated Leaks"},"content":{"rendered":"<p>Ecco l&#8217;arma letale per sbugiardare definitivamente molti old media ed ecco perch\u00e8 potenti e giornalisti in ricerca di verginit\u00e0 apparente stanno cercando di incensare il giornalismo tradizionale e mettere in second&#8217;ordine Wikileaks.<\/p>\n<p><a href=\"http:\/\/www.webnews.it\/notizie\/wikileaks-rinvia-il-grande-rilancio\/?ref=post\" target=\"_blank\">Via Webnews<\/a><\/p>\n<div>\n<blockquote><p>Il team Wikileaks ha rinviato a data da definirsi il lancio di uno strumento che, nelle intenzioni del gruppo, avrebbe dovuto rappresentare il nuovo grande inizio delle attivit\u00e0 del sito. L\u2019annuncio era atteso per oggi, ma oggi non vi sar\u00e0 invece alcuna presentazione: tutto rinviato, con tempistiche che si fanno per\u00f2 a questo punto indefinite.<\/p>\n<div>\u00a0L\u2019idea era quella di offrire a chiunque la possibilit\u00e0 di partecipare al progetto inviando il materiale a cui si riuscita ad entrare in possesso. Il prossimo \u201cCablegate\u201d avrebbe pertanto potuto essere \u201cuser generated\u201d, con un obiettivo fermo a monte: ogni trasmissione avrebbe dovuto essere anonima, garantendo cos\u00ec appieno la privacy e la sicurezza di chi intendeva affidare a Wikileaks le proprie scoperte. Le sabbie in cui si \u00e8 incagliato Wikileaks sembrano per\u00f2 essere troppo insidiose per il momento ed anche il nuovo tentativo di rinascita va in fallimento.<\/div>\n<p>Il rinvio sarebbe dovuto all\u2019impossibilit\u00e0 di garantire dal punto di vista tecnico la piena sicurezza degli utenti. Il team avrebbe pertanto rinviato il tutto proprio all\u2019ultimo momento, annullando ogni annuncio per prendere tempo ulteriore.<\/p><\/blockquote>\n<\/div>\n","protected":false},"excerpt":{"rendered":"<p>Ecco l&#8217;arma letale per sbugiardare definitivamente molti old media ed ecco perch\u00e8 potenti e giornalisti in ricerca di verginit\u00e0 apparente stanno cercando di incensare il giornalismo tradizionale e mettere in second&#8217;ordine Wikileaks. Via Webnews Il team Wikileaks ha rinviato a data da definirsi il lancio di uno strumento che, nelle intenzioni del gruppo, avrebbe dovuto &#8230; <a title=\"Da Wikileaks a User Generated Leaks\" class=\"read-more\" href=\"https:\/\/www.pasteris.it\/blog\/2011\/11\/28\/da-wikileaks-a-user-generated-leaks\/\" aria-label=\"Per saperne di pi\u00f9 su Da Wikileaks a User Generated Leaks\">Leggi tutto<\/a><\/p>\n","protected":false},"author":3,"featured_media":0,"comment_status":"open","ping_status":"open","sticky":false,"template":"","format":"standard","meta":{"footnotes":""},"categories":[11,6,30],"tags":[176,1334],"class_list":["post-27625","post","type-post","status-publish","format-standard","hentry","category-diritti","category-internet","category-media","tag-informazione","tag-wikileaks"],"_links":{"self":[{"href":"https:\/\/www.pasteris.it\/blog\/wp-json\/wp\/v2\/posts\/27625","targetHints":{"allow":["GET"]}}],"collection":[{"href":"https:\/\/www.pasteris.it\/blog\/wp-json\/wp\/v2\/posts"}],"about":[{"href":"https:\/\/www.pasteris.it\/blog\/wp-json\/wp\/v2\/types\/post"}],"author":[{"embeddable":true,"href":"https:\/\/www.pasteris.it\/blog\/wp-json\/wp\/v2\/users\/3"}],"replies":[{"embeddable":true,"href":"https:\/\/www.pasteris.it\/blog\/wp-json\/wp\/v2\/comments?post=27625"}],"version-history":[{"count":2,"href":"https:\/\/www.pasteris.it\/blog\/wp-json\/wp\/v2\/posts\/27625\/revisions"}],"predecessor-version":[{"id":27627,"href":"https:\/\/www.pasteris.it\/blog\/wp-json\/wp\/v2\/posts\/27625\/revisions\/27627"}],"wp:attachment":[{"href":"https:\/\/www.pasteris.it\/blog\/wp-json\/wp\/v2\/media?parent=27625"}],"wp:term":[{"taxonomy":"category","embeddable":true,"href":"https:\/\/www.pasteris.it\/blog\/wp-json\/wp\/v2\/categories?post=27625"},{"taxonomy":"post_tag","embeddable":true,"href":"https:\/\/www.pasteris.it\/blog\/wp-json\/wp\/v2\/tags?post=27625"}],"curies":[{"name":"wp","href":"https:\/\/api.w.org\/{rel}","templated":true}]}}