{"id":27640,"date":"2011-11-30T12:39:14","date_gmt":"2011-11-30T11:39:14","guid":{"rendered":"http:\/\/www.pasteris.it\/blog\/?p=27640"},"modified":"2011-11-30T12:39:14","modified_gmt":"2011-11-30T11:39:14","slug":"caro-mario-monti-l%e2%80%99editoria-non-e-la-fieg","status":"publish","type":"post","link":"https:\/\/www.pasteris.it\/blog\/2011\/11\/30\/caro-mario-monti-l%e2%80%99editoria-non-e-la-fieg\/","title":{"rendered":"Caro Mario Monti: l\u2019editoria non \u00e8 la Fieg"},"content":{"rendered":"<p>Una lettera a Mario Monti sulla nomina a sottosegretario di Malinconico e sull&#8217;editoria italiana (<a href=\"http:\/\/www.ilfattoquotidiano.it\/2011\/11\/30\/caro-mario-monti-leditoria-fieg\/174022\/\" target=\"_blank\">tutta la lettera direttamente sul Fatto Quotidiano<\/a>)<\/p>\n<blockquote><p>\nCaro Mario Monti, mi permetta la forma inconsueta, ma ho sentito la necessit\u00e0 di scriverle in forma epistolare. Da tanto tempo avevamo sperato in un suo governo dopo gli anni bui del berlusconismo ed avevamo esultato come la maggior parte degli italiani nel momento in cui il presidente Napolitano le aveva conferito il mandato per la realizzazione del nuovo Governo.<br \/>\n&#8230;<\/p>\n<p>L\u2019altro ieri per\u00f2 una notizia ci ha fatto incupire: <a href=\"http:\/\/it.wikipedia.org\/wiki\/Carlo_Malinconico\" target=\"_blank\">Carlo Malinconico Castriota Scanderbeg<\/a> \u00e8 stato nominato Sottosegretario di Stato alla Presidenza del Consiglio dei Ministri con delega all\u2019Editoria. Nulla di personale, per\u00f2 Carlo Malinconico (per farla breve) \u00e8 dal 2008 presidente della Federazione Italiana Editori Giornali, la FIEG.<\/p>\n<p>&#8230;.<br \/>\n<!--more--><br \/>\nLa Federazione rappresenta una parte del mondo dell\u2019editoria. Un mondo che in questi anni si \u00e8 dimostrato fortemente conservatore e autoreferente. Che ha difeso anche quando indifendibili, gli editori associati, che ha combattuto la libera informazione in rete, che ha cercato di perseverare nel vergognoso finanziamente pubblico di giornali politici e di aziende di propriet\u00e0 di grandi gruppi industriali.<\/p>\n<p>C\u2019\u00e8 un evidente conflitto di interessi in questa nomina. Certamente Malinconico si \u00e8 velocemente <a href=\"http:\/\/www.fieg.it\/salastampa_item.asp?sta_id=675\" target=\"_blank\">dimesso dalla sua carica in FIEG.<\/a> Per\u00f2 il suo passato e il suo pensiero espresso parlano chiaro: stiamo parlando del rappresentante del rappresentante \u201cstorico\u201d di una parte sociale, e una ricca lobby, che ogni anno si \u00e8 recata dal sottosegretariato per discutere il finanziamento pubblico all\u2019editoria e altre cose. Ora lui stesso medesimo \u00e8 diventato il sottosegretario. Organizzer\u00e0 in futuro delle riunioni davanti allo specchio per chiarsi le idee?<\/p>\n<p>Quello che si nota \u00e8 un silenzio rumorosissimo dei giornalisti su questa nuova nomina. Anche di quei giornalisti molto sensibili ai temi di conflitto di interessi o che a ogni pi\u00e8 sospinto sbraitano contro le manovre per limitare la rete o per tutelare l\u2019informazione libera e aperta, l\u2019innovazione e la necessit\u00e0 di rinnovare l\u2019editoria di questo paese.<\/p>\n<p>&#8230;<\/p>\n<p>Poi l\u2019editoria non \u00e8 un settore neutro, ma un luogo in cui si fondono istanze importantissime per la democrazia come la libert\u00e0 di espressione, la necessit\u00e0 di informare correttamente i cittadini, il lavoro di chi si occupa del settore, la pluralit\u00e0 informativa. Tutti aspetti che hanno importanza ancora pi\u00f9 rilevante in questo importante momento di necessaria trasformazione dell\u2019Italia<\/p>\n<p>Per anni ce la siamo presa con Berlusconi che sembrava il capro espiatorio perfetto del fatto che l\u2019Italia si trovi <a href=\"http:\/\/rsfitalia.org\/classifica-della-liberta-di-stampa-2010\/classifica-2010-della-liberta-di-stampa-la-posizione-dei-178-paesi\/\" target=\"_self\">alla posizione numero 49 in compagnia del Burkina Faso<\/a> nell\u2019ultima edizione dell\u2019annuale report di <a href=\"http:\/\/rsfitalia.org\/classifica-della-liberta-di-stampa-2010\/\" target=\"_blank\">Reporters Sans Frontieres sulla libert\u00e0 di stampa nel mondo<\/a>. Ma dare tutte le colpe a Berlusconi \u00e8 una strumentalizzazione del contesto. La Fieg rappresenta, come lei sa, per buona parte dei sui pi\u00f9 potenti associati, buona parte dei maggiori gruppi industriali italiani. Un mondo che ama mantenere un controllo oligopolista del mercato, che ha fatto in passato contratti discutibili con i vertici sindacali, che ha poco rispetto per molti lavoratori precari che permettono al sistema dell\u2019editoria di stare in piedi, finch\u00e9 dura.<\/p>\n<p>&#8230;<\/p>\n<p>Il buon senso e l\u2019equilibrio di analisi richiedono giustamente di vedere il sottosegretario Malinconico alla prova dei fatti. Attenderemo un suo programma operativo e le sue prime azioni. Agiremo al solito cercando di essere preparati cani da guardia dei cittadini e dell\u2019opinione pubblica per capire che accadr\u00e0, se le scelte saranno conservative se non addirittura di restaurazione, piuttosto che di innovazione, liberalizzazione e digitalizzazione. In questo speriamo di essere sulla stessa lunghezza d\u2019onda di molti giornalisti che si sforzeranno di raccontare le azioni del sottosegretario Malinconico e non passerano il loro tempo come i criceti che fanno girare la loro ruotina nella gabbietta, in questo caso dorata.<\/p>\n<p>Mi permetta in conclusione di ricordarle che buona parte delle istanze che le ho descritto di innovazione, apertura dai monopoli o oligopoli nel settore dell\u2019editoria e dell\u2019informazione non la chiede solo il modesto scrivente, ma una realt\u00e0 che lei conosce molto bene. Si chiama Unione Europea.<\/p><\/blockquote>\n","protected":false},"excerpt":{"rendered":"<p>Una lettera a Mario Monti sulla nomina a sottosegretario di Malinconico e sull&#8217;editoria italiana (tutta la lettera direttamente sul Fatto Quotidiano) Caro Mario Monti, mi permetta la forma inconsueta, ma ho sentito la necessit\u00e0 di scriverle in forma epistolare. Da tanto tempo avevamo sperato in un suo governo dopo gli anni bui del berlusconismo ed &#8230; <a title=\"Caro Mario Monti: l\u2019editoria non \u00e8 la Fieg\" class=\"read-more\" href=\"https:\/\/www.pasteris.it\/blog\/2011\/11\/30\/caro-mario-monti-l%e2%80%99editoria-non-e-la-fieg\/\" aria-label=\"Per saperne di pi\u00f9 su Caro Mario Monti: l\u2019editoria non \u00e8 la Fieg\">Leggi tutto<\/a><\/p>\n","protected":false},"author":3,"featured_media":0,"comment_status":"open","ping_status":"open","sticky":false,"template":"","format":"standard","meta":{"footnotes":""},"categories":[10,11,17,1,30],"tags":[121,809,160],"class_list":["post-27640","post","type-post","status-publish","format-standard","hentry","category-blog","category-diritti","category-economia","category-politica","category-media","tag-editoria","tag-fieg","tag-giornalismo"],"_links":{"self":[{"href":"https:\/\/www.pasteris.it\/blog\/wp-json\/wp\/v2\/posts\/27640","targetHints":{"allow":["GET"]}}],"collection":[{"href":"https:\/\/www.pasteris.it\/blog\/wp-json\/wp\/v2\/posts"}],"about":[{"href":"https:\/\/www.pasteris.it\/blog\/wp-json\/wp\/v2\/types\/post"}],"author":[{"embeddable":true,"href":"https:\/\/www.pasteris.it\/blog\/wp-json\/wp\/v2\/users\/3"}],"replies":[{"embeddable":true,"href":"https:\/\/www.pasteris.it\/blog\/wp-json\/wp\/v2\/comments?post=27640"}],"version-history":[{"count":2,"href":"https:\/\/www.pasteris.it\/blog\/wp-json\/wp\/v2\/posts\/27640\/revisions"}],"predecessor-version":[{"id":27642,"href":"https:\/\/www.pasteris.it\/blog\/wp-json\/wp\/v2\/posts\/27640\/revisions\/27642"}],"wp:attachment":[{"href":"https:\/\/www.pasteris.it\/blog\/wp-json\/wp\/v2\/media?parent=27640"}],"wp:term":[{"taxonomy":"category","embeddable":true,"href":"https:\/\/www.pasteris.it\/blog\/wp-json\/wp\/v2\/categories?post=27640"},{"taxonomy":"post_tag","embeddable":true,"href":"https:\/\/www.pasteris.it\/blog\/wp-json\/wp\/v2\/tags?post=27640"}],"curies":[{"name":"wp","href":"https:\/\/api.w.org\/{rel}","templated":true}]}}