{"id":27738,"date":"2011-12-17T07:44:15","date_gmt":"2011-12-17T06:44:15","guid":{"rendered":"http:\/\/www.pasteris.it\/blog\/?p=27738"},"modified":"2011-12-13T09:12:35","modified_gmt":"2011-12-13T08:12:35","slug":"aspiranti-giornalisti-in-cerca-di-editore","status":"publish","type":"post","link":"https:\/\/www.pasteris.it\/blog\/2011\/12\/17\/aspiranti-giornalisti-in-cerca-di-editore\/","title":{"rendered":"Aspiranti giornalisti in cerca di Editore"},"content":{"rendered":"<p><a href=\"http:\/\/www.dazebaonews.it\/primo-piano\/item\/7268-la-fabbrica-dei-disoccupati-aspiranti-giornalisti-in-cerca-di-editore-intervista-a-giuseppe-sicari\" target=\"_blank\">Giuseppe Sicari Via Dazebaonews<\/a><\/p>\n<blockquote><p>Giovani, giornalisti e disoccupati, che per trovare sbocchi dove liberare il proprio sogno, trovano maggiore spazio sul web, scrivendo s\u00ec su testate giornalistiche ma on-line. E cos\u00ec sulla rete internet, si affollano migliaia di giornali. Pensando a ci\u00f2, \u00e8 possibile ipotizzare una diversa e pi\u00f9 accurata redistribuzione del finanziamento pubblico alle testate giornalistiche?<\/p>\n<p>\u201cPenso che in linea di principio sia giusto ma credo che per far ci\u00f2 si dovr\u00e0 arrivare con una decisione politica, una trattativa a cui dovranno partecipare tutte gli interessati. Per\u00f2, immagino che le parti interessate all&#8217;interno della FIEG \u2013 televisioni, quotidiani, periodici ecc. &#8211; saranno riluttanti a perdere una fetta dei proventi che, allo stato attuale, ottengono. Per cui ci sarebbe bisogno sicuramente di una trattativa. Lo stesso discorso si \u00e8 verificato con la pubblicit\u00e0. Esiste una grande polemica tra carta stampata e televisione perch\u00e9 quest&#8217;ultima, negli ultimi anni, l&#8217;ha fatta da padrona, rastrellando forse l&#8217;80% della torta pubblicitaria, mentre prima avveniva il contrario\u201d.<br \/>\n<!--more--><br \/>\nIn considerazione del fatto che gran parte della popolazione, soprattutto i giovani, si informa attraverso il web \u2013 mediante i pi\u00f9 disparati mezzi tecnologici come tablet, telefonini e PC \u2013 pensa che assisteremo quanto prima ad un sorpasso definitivo dell&#8217;informazione on-line sulla carta stampata e, a quel punto, come se lo immagina il futuro?<\/p>\n<p>\u201cSu questo si sbizzarriscono gli esperti. C&#8217;\u00e8 qualcuno che ha gi\u00e0 preventivato la scomparsa del giornale stampato ma penso che invece resister\u00e0 ancora a lungo perch\u00e9 \u00e8 ancora numeroso il pubblico che ama la materialit\u00e0 della carta. Devo dire che personalmente mi sono accorto del fenomeno quando qualche anno fa, all&#8217;inizio di ogni anno accademico, cercavo di interrogare i miei studenti per capire quale fosse la loro dieta mediatica. Con mio grande sgomento scoprii che nessuno, o quasi, leggeva un quotidiano, che pochi seguivano la televisione e che qualcuno ascoltava la radio. La quasi totalit\u00e0 degli studenti, invece, si informava attraverso il web. Quindi il fenomeno c\u2019\u00e8, non si pu\u00f2 negare.\u201d<\/p>\n<p>A sottolineare ci\u00f2, il professor Sicari cita un fatto avvenuto in Giappone con il quotidiano Ashaki Shinbun, il maggiore del Paese del Sol Levante con12 milioni di copie di tiratura, il doppio di quelli che ci sono in Italia considerando tutti i giornali messi insieme.<\/p>\n<p>\u201cLa sua edizione on-line, a seguito di una rilevazione effettuata nell\u2019arco di un anno, \u00e8\u00a0 risultata, a livello di diffusione, quasi pari a quella della carta stampata, senza per\u00f2 perdere copie\u201d.<\/p>\n<p>Insomma, un passo avanti per il web ma evidentemente non ancora sufficiente. Nell\u2019immediato futuro quindi non si prospetta questo sorpasso; la carta stampata, nonostante tutto, resister\u00e0 ancora?<\/p>\n<p>\u201cCertamente, per\u00f2 \u00e8 anche vero che stiamo diventando sempre pi\u00f9 multimediali. A casa, la mattina mentre ci prepariamo, ascoltiamo la radio, poi accendiamo la TV e vediamo i canali all news,\u00a0 cerchiamo le notizie sul televideo; quando usciamo, sul tram, sul bus o in treno leggiamo un giornale e poi magari in ufficio ci informiamo su internet\u201d. Il professore continua, spiegando meglio il concetto raccontando che \u201cin occasione di una visita con gli studenti presso la sede del Tg1, nella sala riunioni, oltre ai diversi canali di informazione internazionale &#8211; come ad esempio la CNN &#8211; c\u2019erano anche altri monitor che visualizzavano i maggiori quotidiani on-line che si aggiornavano di continuo. L\u2019informazione di un giornalista \u00e8 a 360 gradi e comprende quindi anche la parte web.\u201d<\/p>\n<p>Proprio il web \u00e8 il mondo ed il modo attraverso il quale molti aspiranti giornalisti pubblicisti stanno o stavano tentando tale percorso scrivendo su testate giornalistiche on-line. La voce che circola e che sta diventando una certezza nell&#8217;ambito dell&#8217;attuazione della Legge di Stabilit\u00e0 del nuovo governo Monti, riguarda l\u2019abolizione della figura del giornalista pubblicista. Se ce ne sono, quali alternative si possono immaginare, allo stato attuale, per chi vuole o stava intraprendendo questo percorso?<\/p>\n<p>\u201cPenso che il Consiglio dell\u2019Ordine dei giornalisti studier\u00e0, come sta facendo, il problema e cercher\u00e0 di trovare le giuste soluzioni rispettando tutte le esigenze. C\u2019\u00e8 anche un\u2019altra esigenza, quella di uniformare il nostro modus operandi agli standard degli altri Paesi europei. Per esempio, in Spagna, per diventare avvocati, si segue un iter pi\u00f9 snello e pi\u00f9 rapido rispetto a quello stabilito in Italia. Per questo motivo, ci sono molti studenti che stanno andando all\u2019estero per abilitarsi come avvocati per poi ritornare in patria facendosi riconoscere il titolo conseguito. Non \u00e8 possibile che in Europa ci sia tale diversit\u00e0, almeno all\u2019interno della comunit\u00e0 europea dovremmo arrivare ad una omogeneizzazione dei percorsi di studio, di formazione e di abilitazione\u201d.<\/p><\/blockquote>\n","protected":false},"excerpt":{"rendered":"<p>Giuseppe Sicari Via Dazebaonews Giovani, giornalisti e disoccupati, che per trovare sbocchi dove liberare il proprio sogno, trovano maggiore spazio sul web, scrivendo s\u00ec su testate giornalistiche ma on-line. E cos\u00ec sulla rete internet, si affollano migliaia di giornali. Pensando a ci\u00f2, \u00e8 possibile ipotizzare una diversa e pi\u00f9 accurata redistribuzione del finanziamento pubblico alle &#8230; <a title=\"Aspiranti giornalisti in cerca di Editore\" class=\"read-more\" href=\"https:\/\/www.pasteris.it\/blog\/2011\/12\/17\/aspiranti-giornalisti-in-cerca-di-editore\/\" aria-label=\"Per saperne di pi\u00f9 su Aspiranti giornalisti in cerca di Editore\">Leggi tutto<\/a><\/p>\n","protected":false},"author":3,"featured_media":0,"comment_status":"open","ping_status":"open","sticky":false,"template":"","format":"standard","meta":{"footnotes":""},"categories":[1,30],"tags":[160],"class_list":["post-27738","post","type-post","status-publish","format-standard","hentry","category-politica","category-media","tag-giornalismo"],"_links":{"self":[{"href":"https:\/\/www.pasteris.it\/blog\/wp-json\/wp\/v2\/posts\/27738","targetHints":{"allow":["GET"]}}],"collection":[{"href":"https:\/\/www.pasteris.it\/blog\/wp-json\/wp\/v2\/posts"}],"about":[{"href":"https:\/\/www.pasteris.it\/blog\/wp-json\/wp\/v2\/types\/post"}],"author":[{"embeddable":true,"href":"https:\/\/www.pasteris.it\/blog\/wp-json\/wp\/v2\/users\/3"}],"replies":[{"embeddable":true,"href":"https:\/\/www.pasteris.it\/blog\/wp-json\/wp\/v2\/comments?post=27738"}],"version-history":[{"count":2,"href":"https:\/\/www.pasteris.it\/blog\/wp-json\/wp\/v2\/posts\/27738\/revisions"}],"predecessor-version":[{"id":27740,"href":"https:\/\/www.pasteris.it\/blog\/wp-json\/wp\/v2\/posts\/27738\/revisions\/27740"}],"wp:attachment":[{"href":"https:\/\/www.pasteris.it\/blog\/wp-json\/wp\/v2\/media?parent=27738"}],"wp:term":[{"taxonomy":"category","embeddable":true,"href":"https:\/\/www.pasteris.it\/blog\/wp-json\/wp\/v2\/categories?post=27738"},{"taxonomy":"post_tag","embeddable":true,"href":"https:\/\/www.pasteris.it\/blog\/wp-json\/wp\/v2\/tags?post=27738"}],"curies":[{"name":"wp","href":"https:\/\/api.w.org\/{rel}","templated":true}]}}