{"id":27760,"date":"2011-12-16T17:50:52","date_gmt":"2011-12-16T16:50:52","guid":{"rendered":"http:\/\/www.pasteris.it\/blog\/?p=27760"},"modified":"2011-12-16T18:22:25","modified_gmt":"2011-12-16T17:22:25","slug":"ora-si-inventano-anche-i-fianziamenti-ai-giornali-vecchi-e-inutili-per-la-transizione-al-digitale","status":"publish","type":"post","link":"https:\/\/www.pasteris.it\/blog\/2011\/12\/16\/ora-si-inventano-anche-i-fianziamenti-ai-giornali-vecchi-e-inutili-per-la-transizione-al-digitale\/","title":{"rendered":"Ora si inventano anche i finanziamenti ai giornali vecchi e inutili per la transizione al digitale"},"content":{"rendered":"<p>Una intervista al sottosegretario <a href=\"http:\/\/www.ilfattoquotidiano.it\/2011\/12\/16\/malinconico-i-piccoli-giornali-solo-su-internet\/177868\/\">Malinconico sul Fatto Quotidiano<\/a><\/p>\n<blockquote><p>Altro che acqua gelida. C\u2019\u00e8 bisogno di milioni freschi per evitare che la carta bruci. Decine di quotidiani, consumati anni di sprechi pubblici, chi per colpe proprie chi per errori altrui, rischiano di scomparire. Carlo Malinconico, sottosegretario per l\u2019Editoria, annuncia una riforma del sistema per il 2014 e consola i parlamentari in Commissione: \u201cIl fondo reale \u00e8 di 53,5 milioni di euro\u201d. Al Fatto Quotidiano racconta di strade imboccate senza possibilit\u00e0 di ritorno. Non si torna indietro.<br \/>\n<strong> Sottosegretario, come spiegare l&#8217;editoria assistita?<\/strong><br \/>\nNon va spiegato perch\u00e9 non esiste. Le testate che ricevono i contribuiti pubblici sono una parte consistente, non l&#8217;unica.<br \/>\n<strong> Perch\u00e9 sostenere i giornali di partito?<\/strong><br \/>\nNoi dobbiamo difendere il pluralismo, assicurare la diversit\u00e0 al massimo.<br \/>\n<strong> Non basta la legge del mercato?<\/strong><br \/>\nIl mercato va oltre le regole perfette. E noi interveniamo per difendere le voci che si esauriscono. Spesso il mercato \u00e8 falso e spietato.<!--more--><br \/>\n<strong> Qualcuno avr\u00e0 fregato il gruppo (e i governi), adesso pagano tutti?<\/strong><br \/>\nHo spiegato che nel 2014 i contribuiti sono garantiti, e dunque niente drammi, ma cambia il criterio di assegnazione. Ci sono realt\u00e0 che non meritano l&#8217;aiuto di Stato.<br \/>\n<strong> E per i giornali onesti che sfiorano il fallimento?<\/strong><br \/>\nIl pluralismo significa tenere viva una voce, a noi il compito di trovare la forma giusta. Il 2012 sar\u00e0 un anno di studio e transizione, poi cercheremo di incentivare il passaggio in Rete.<br \/>\n<strong> Come?<\/strong><br \/>\nCi sar\u00e0 un limite minimo di copie vendute e distribuite: chi non lo raggiunge, deve trasferirsi su Internet per abbattere i costi senza sacrificare giornalisti e lettori.<br \/>\n<strong> Le cifre verranno contestate.<\/strong><br \/>\nNoi pensiamo di informatizzare le edicole. Guardi, nessuno pu\u00f2 protestare: la rete di edicole costa poco e permette agli editori di sapere esattamente, in tempo reale, dove si vende e quanto, dove c&#8217;\u00e8 la resa di copie e quanto grossa. Si abbattono sprechi colossali come il trasporto su gomma e pacchi interi di carta, i costi di stampa, le strategie sbagliate.<br \/>\n<strong> Non sar\u00e0 semplice trasformare un quotidiano cartaceo in edizione online.<\/strong><br \/>\nIl nostro sar\u00e0 un incentivo, non possiamo obbligare. Per\u00f2 di fronte al nulla, meglio sfruttare le potenzialit\u00e0 ancora inespresse di Internet. \u00c8 finito il tempo dei soldi a pioggia per tutti.<br \/>\n<strong> Anche le agenzie di stampa temono tagli.<\/strong><br \/>\nQui il discorso \u00e8 diverso. Non sono contributi diretti, ma convenzioni con lo Stato. Se le amministrazioni ritengono di non acquistare un servizio con un&#8217;agenzia, il rapporto finisce immediatamente.<br \/>\n<strong> Come tutelare il diritto di autore anche in Internet?<\/strong><br \/>\nPremesso: internet deve essere un campo libero per la cronaca e i contenuti. Non mi sognerei mai di fare riforme per restringere gli spazi di movimento. Anzi, dobbiamo eliminare le barriere anche per dare garanzie a chi investe in Rete. Se metto il mio prodotto a pagamento, devo decidere io chi pu\u00f2 replicarlo e modificarlo essendone il proprietario. Vorrei tutelare sia il prodotto che l&#8217;utente.<br \/>\n<strong> Perch\u00e9 regalare le frequenze alle televisioni e farle pagare agli operatori telefonici?<\/strong><br \/>\nNon mi esprimo sul beauty contest. Per\u00f2 voglio dire qualcosa su banda larga e connessioni veloci: dobbiamo utilizzare la crisi per trovare nuove occasioni di crescita, dare ai ragazzi gli strumenti e le competenze per integrare i media disponibili. La banda larga \u00e8 necessaria per restare aggrappati ai Paesi emergenti e ricchi: o ci modernizziamo, o moriamo. La tecnologia e l&#8217;informatica fanno bene anche al prodotto interno lordo, non va ignorato n\u00e9 dimenticato. Esempio: non capisco perch\u00e9 l&#8217;Iva sui libri in Internet sia pi\u00f9 alta del cartaceo. Non ha senso.<\/p><\/blockquote>\n","protected":false},"excerpt":{"rendered":"<p>Una intervista al sottosegretario Malinconico sul Fatto Quotidiano Altro che acqua gelida. C\u2019\u00e8 bisogno di milioni freschi per evitare che la carta bruci. Decine di quotidiani, consumati anni di sprechi pubblici, chi per colpe proprie chi per errori altrui, rischiano di scomparire. Carlo Malinconico, sottosegretario per l\u2019Editoria, annuncia una riforma del sistema per il 2014 &#8230; <a title=\"Ora si inventano anche i finanziamenti ai giornali vecchi e inutili per la transizione al digitale\" class=\"read-more\" href=\"https:\/\/www.pasteris.it\/blog\/2011\/12\/16\/ora-si-inventano-anche-i-fianziamenti-ai-giornali-vecchi-e-inutili-per-la-transizione-al-digitale\/\" aria-label=\"Per saperne di pi\u00f9 su Ora si inventano anche i finanziamenti ai giornali vecchi e inutili per la transizione al digitale\">Leggi tutto<\/a><\/p>\n","protected":false},"author":3,"featured_media":0,"comment_status":"open","ping_status":"open","sticky":false,"template":"","format":"standard","meta":{"footnotes":""},"categories":[6,1,30],"tags":[159,2155],"class_list":["post-27760","post","type-post","status-publish","format-standard","hentry","category-internet","category-politica","category-media","tag-giornali","tag-internet"],"_links":{"self":[{"href":"https:\/\/www.pasteris.it\/blog\/wp-json\/wp\/v2\/posts\/27760","targetHints":{"allow":["GET"]}}],"collection":[{"href":"https:\/\/www.pasteris.it\/blog\/wp-json\/wp\/v2\/posts"}],"about":[{"href":"https:\/\/www.pasteris.it\/blog\/wp-json\/wp\/v2\/types\/post"}],"author":[{"embeddable":true,"href":"https:\/\/www.pasteris.it\/blog\/wp-json\/wp\/v2\/users\/3"}],"replies":[{"embeddable":true,"href":"https:\/\/www.pasteris.it\/blog\/wp-json\/wp\/v2\/comments?post=27760"}],"version-history":[{"count":4,"href":"https:\/\/www.pasteris.it\/blog\/wp-json\/wp\/v2\/posts\/27760\/revisions"}],"predecessor-version":[{"id":27764,"href":"https:\/\/www.pasteris.it\/blog\/wp-json\/wp\/v2\/posts\/27760\/revisions\/27764"}],"wp:attachment":[{"href":"https:\/\/www.pasteris.it\/blog\/wp-json\/wp\/v2\/media?parent=27760"}],"wp:term":[{"taxonomy":"category","embeddable":true,"href":"https:\/\/www.pasteris.it\/blog\/wp-json\/wp\/v2\/categories?post=27760"},{"taxonomy":"post_tag","embeddable":true,"href":"https:\/\/www.pasteris.it\/blog\/wp-json\/wp\/v2\/tags?post=27760"}],"curies":[{"name":"wp","href":"https:\/\/api.w.org\/{rel}","templated":true}]}}