{"id":27795,"date":"2011-12-20T15:14:32","date_gmt":"2011-12-20T14:14:32","guid":{"rendered":"http:\/\/www.pasteris.it\/blog\/?p=27795"},"modified":"2011-12-20T02:19:46","modified_gmt":"2011-12-20T01:19:46","slug":"italic-n-8-fede-speranza-contemporaneita","status":"publish","type":"post","link":"https:\/\/www.pasteris.it\/blog\/2011\/12\/20\/italic-n-8-fede-speranza-contemporaneita\/","title":{"rendered":"ITALIC n. 8: fede, speranza, contemporaneit\u00e0"},"content":{"rendered":"<p><img loading=\"lazy\" decoding=\"async\" class=\"alignright\" title=\"italic\" src=\"http:\/\/www.italicnews.it\/wp-content\/uploads\/2011\/12\/abbonati.jpg\" alt=\"\" width=\"283\" height=\"254\" \/>Nel nuovo numero di dicembre\/gennaio: alla faccia di chi lo dava per morto, fra chi crede per tradizione, nuovi italiani che adottano vecchi culti e altre religioni, Dio \u00e8 pi\u00f9 popolare che mai. Pi\u00f9 dell&#8217;80% degli italiani si dichiara credente, e il bisogno di sacro rimane fortissimo.<\/p>\n","protected":false},"excerpt":{"rendered":"<p>Nel nuovo numero di dicembre\/gennaio: alla faccia di chi lo dava per morto, fra chi crede per tradizione, nuovi italiani che adottano vecchi culti e altre religioni, Dio \u00e8 pi\u00f9 popolare che mai. Pi\u00f9 dell&#8217;80% degli italiani si dichiara credente, e il bisogno di sacro rimane fortissimo.<\/p>\n","protected":false},"author":3,"featured_media":0,"comment_status":"open","ping_status":"open","sticky":false,"template":"","format":"standard","meta":{"footnotes":""},"categories":[30,32],"tags":[1644],"class_list":["post-27795","post","type-post","status-publish","format-standard","hentry","category-media","category-pensieri","tag-italic"],"_links":{"self":[{"href":"https:\/\/www.pasteris.it\/blog\/wp-json\/wp\/v2\/posts\/27795","targetHints":{"allow":["GET"]}}],"collection":[{"href":"https:\/\/www.pasteris.it\/blog\/wp-json\/wp\/v2\/posts"}],"about":[{"href":"https:\/\/www.pasteris.it\/blog\/wp-json\/wp\/v2\/types\/post"}],"author":[{"embeddable":true,"href":"https:\/\/www.pasteris.it\/blog\/wp-json\/wp\/v2\/users\/3"}],"replies":[{"embeddable":true,"href":"https:\/\/www.pasteris.it\/blog\/wp-json\/wp\/v2\/comments?post=27795"}],"version-history":[{"count":2,"href":"https:\/\/www.pasteris.it\/blog\/wp-json\/wp\/v2\/posts\/27795\/revisions"}],"predecessor-version":[{"id":27797,"href":"https:\/\/www.pasteris.it\/blog\/wp-json\/wp\/v2\/posts\/27795\/revisions\/27797"}],"wp:attachment":[{"href":"https:\/\/www.pasteris.it\/blog\/wp-json\/wp\/v2\/media?parent=27795"}],"wp:term":[{"taxonomy":"category","embeddable":true,"href":"https:\/\/www.pasteris.it\/blog\/wp-json\/wp\/v2\/categories?post=27795"},{"taxonomy":"post_tag","embeddable":true,"href":"https:\/\/www.pasteris.it\/blog\/wp-json\/wp\/v2\/tags?post=27795"}],"curies":[{"name":"wp","href":"https:\/\/api.w.org\/{rel}","templated":true}]}}