{"id":27803,"date":"2011-12-24T08:30:15","date_gmt":"2011-12-24T07:30:15","guid":{"rendered":"http:\/\/www.pasteris.it\/blog\/?p=27803"},"modified":"2011-12-20T10:31:59","modified_gmt":"2011-12-20T09:31:59","slug":"la-carta-di-firenze-entrera-in-vigore-il-primo-gennaio","status":"publish","type":"post","link":"https:\/\/www.pasteris.it\/blog\/2011\/12\/24\/la-carta-di-firenze-entrera-in-vigore-il-primo-gennaio\/","title":{"rendered":"La Carta di Firenze entrer\u00e0 in vigore il primo gennaio"},"content":{"rendered":"<p><a href=\"http:\/\/www.odg.it\/content\/la-carta-di-firenze-vigore-dal-1%C2%B0-gennaio-2012\">Via sito Odg<\/a><\/p>\n<blockquote><p>La Carta di Firenze entrer\u00e0 in vigore il 1\u00b0 gennaio. L&#8217;annuncio \u00e8 stato dato dal presidente dell&#8217;Ordine dei Giornalisti, Enzo Iacopino, nel corso di una conferenza stampa al termine del consiglio nazionale dell&#8217;Ordine. \u201cIl 13 dicembre scorso \u2013 ha detto Iacopino \u2013 abbiamo convocato i presidenti degli Ordini Regionali per parlare non solo delle novit\u00e0 normative legate alla finanziaria, ma anche del nuovo strumento deontologico che tuteler\u00e0 la dignit\u00e0 professionale. Un documento che ha visto il sostegno e la fattiva collaborazione di tutti gli enti di categoria, e che deve diventare uno strumento di tutela per tutti i colleghi\u201d Alla conferenza stampa erano presenti anche il referente del gruppo di lavoro sul precariato Odg, Fabrizio Morviducci, coi membri del gruppo: Paolo Tomassone, Alessandro Mantovani, Massimiliano Saggese; Maurizio Bekar del gruppo Fnsi che ha partecipato ai lavori preparatori della carta; i coordinatori dei gruppi di lavoro che hanno dato il loro determinate contributo alla stesura definitiva del documento deontologico durante la manifestazione \u201cGiornalisti e giornalismi\u201d organizzata a Firenze proprio per redigere la carta: Nicola Chiarini (Veneto), Patrizia Tossi (Lombardia), Maria Giovanna Faiella (Lazio), Ciro Pellegrino (Campania)<\/p><\/blockquote>\n","protected":false},"excerpt":{"rendered":"<p>Via sito Odg La Carta di Firenze entrer\u00e0 in vigore il 1\u00b0 gennaio. L&#8217;annuncio \u00e8 stato dato dal presidente dell&#8217;Ordine dei Giornalisti, Enzo Iacopino, nel corso di una conferenza stampa al termine del consiglio nazionale dell&#8217;Ordine. \u201cIl 13 dicembre scorso \u2013 ha detto Iacopino \u2013 abbiamo convocato i presidenti degli Ordini Regionali per parlare non &#8230; <a title=\"La Carta di Firenze entrer\u00e0 in vigore il primo gennaio\" class=\"read-more\" href=\"https:\/\/www.pasteris.it\/blog\/2011\/12\/24\/la-carta-di-firenze-entrera-in-vigore-il-primo-gennaio\/\" aria-label=\"Per saperne di pi\u00f9 su La Carta di Firenze entrer\u00e0 in vigore il primo gennaio\">Leggi tutto<\/a><\/p>\n","protected":false},"author":3,"featured_media":0,"comment_status":"open","ping_status":"open","sticky":false,"template":"","format":"standard","meta":{"footnotes":""},"categories":[11,1,30],"tags":[160,1784],"class_list":["post-27803","post","type-post","status-publish","format-standard","hentry","category-diritti","category-politica","category-media","tag-giornalismo","tag-ordine-dei-giornalisti"],"_links":{"self":[{"href":"https:\/\/www.pasteris.it\/blog\/wp-json\/wp\/v2\/posts\/27803","targetHints":{"allow":["GET"]}}],"collection":[{"href":"https:\/\/www.pasteris.it\/blog\/wp-json\/wp\/v2\/posts"}],"about":[{"href":"https:\/\/www.pasteris.it\/blog\/wp-json\/wp\/v2\/types\/post"}],"author":[{"embeddable":true,"href":"https:\/\/www.pasteris.it\/blog\/wp-json\/wp\/v2\/users\/3"}],"replies":[{"embeddable":true,"href":"https:\/\/www.pasteris.it\/blog\/wp-json\/wp\/v2\/comments?post=27803"}],"version-history":[{"count":1,"href":"https:\/\/www.pasteris.it\/blog\/wp-json\/wp\/v2\/posts\/27803\/revisions"}],"predecessor-version":[{"id":27804,"href":"https:\/\/www.pasteris.it\/blog\/wp-json\/wp\/v2\/posts\/27803\/revisions\/27804"}],"wp:attachment":[{"href":"https:\/\/www.pasteris.it\/blog\/wp-json\/wp\/v2\/media?parent=27803"}],"wp:term":[{"taxonomy":"category","embeddable":true,"href":"https:\/\/www.pasteris.it\/blog\/wp-json\/wp\/v2\/categories?post=27803"},{"taxonomy":"post_tag","embeddable":true,"href":"https:\/\/www.pasteris.it\/blog\/wp-json\/wp\/v2\/tags?post=27803"}],"curies":[{"name":"wp","href":"https:\/\/api.w.org\/{rel}","templated":true}]}}