{"id":27820,"date":"2011-12-23T10:28:26","date_gmt":"2011-12-23T09:28:26","guid":{"rendered":"http:\/\/www.pasteris.it\/blog\/?p=27820"},"modified":"2011-12-23T10:28:26","modified_gmt":"2011-12-23T09:28:26","slug":"un-problema-di-fiducia-responsabilita-le-marchette-lasciamole-ad-altri","status":"publish","type":"post","link":"https:\/\/www.pasteris.it\/blog\/2011\/12\/23\/un-problema-di-fiducia-responsabilita-le-marchette-lasciamole-ad-altri\/","title":{"rendered":"Un problema di fiducia &#038; responsabilit\u00e0: le marchette lasciamole ad altri"},"content":{"rendered":"<p><a href=\"http:\/\/giornalaio.wordpress.com\/2011\/12\/13\/condivisione-fiducia-responsabilita\/\">Via Il Giornalaio<\/a><\/p>\n<blockquote><p>La proposta lanciata un paio di giorni fa in questi spazi di di stilare un decalogo, partendo dalla base offerta da Timu, una sorta di codice di autodisciplina prima di restare schiacciati non solo sotto il peso dell\u2019infobesit\u00e0 ma anche di quello delle bufale, ha gi\u00e0 raccolto un\u2019adesione fin oltre le aspettative, segno evidente che esiste la percezione diffusa del problema.<br \/>\n&#8230;<br \/>\nNel momento in cui, anche nel nostro Paese, il Web ottiene un credito, una fiducia superiore ad altri media sottovalutare la portata e l\u2019impatto della diffusione crescente, al pari dell\u2019utilizzo, di \u201cbufale\u201d, rischia di instaurare dinamiche pericolose che certamente tutti coloro che tengono ad una informazione tanto libera quanto responsabile non devono trascurare.<!--more--><\/p>\n<p>Non si tratta di criminalizzare la Rete e i social network, come viene invece fatto spesso con altrettanta faciloneria, n\u00e8 di escludere da questo processo i media tradizionali ovviamente, che di fatto stanno gi\u00e0 pagando la perdita di credibilit\u00e0 a caro prezzo, letteralmente.<\/p>\n<p>Le persone che leggono i nostri blog, le nostre segnalazioni sui diversi social network, [quasi sempre] in buona fede condividono ulteriormente quanto proposto poich\u00e8 hanno fiducia in noi. E\u2019 ora di assumersi la giusta responsabilit\u00e0 personale che la concessione di fiducia da sempre implica.<\/p><\/blockquote>\n","protected":false},"excerpt":{"rendered":"<p>Via Il Giornalaio La proposta lanciata un paio di giorni fa in questi spazi di di stilare un decalogo, partendo dalla base offerta da Timu, una sorta di codice di autodisciplina prima di restare schiacciati non solo sotto il peso dell\u2019infobesit\u00e0 ma anche di quello delle bufale, ha gi\u00e0 raccolto un\u2019adesione fin oltre le aspettative, &#8230; <a title=\"Un problema di fiducia &#038; responsabilit\u00e0: le marchette lasciamole ad altri\" class=\"read-more\" href=\"https:\/\/www.pasteris.it\/blog\/2011\/12\/23\/un-problema-di-fiducia-responsabilita-le-marchette-lasciamole-ad-altri\/\" aria-label=\"Per saperne di pi\u00f9 su Un problema di fiducia &#038; responsabilit\u00e0: le marchette lasciamole ad altri\">Leggi tutto<\/a><\/p>\n","protected":false},"author":3,"featured_media":0,"comment_status":"open","ping_status":"open","sticky":false,"template":"","format":"standard","meta":{"footnotes":""},"categories":[11,6,30,32],"tags":[2516,2512,2515,2514,2511,2513],"class_list":["post-27820","post","type-post","status-publish","format-standard","hentry","category-diritti","category-internet","category-media","category-pensieri","tag-altri","tag-fiducia","tag-lasciamole","tag-marchette","tag-problema","tag-responsabilita"],"_links":{"self":[{"href":"https:\/\/www.pasteris.it\/blog\/wp-json\/wp\/v2\/posts\/27820","targetHints":{"allow":["GET"]}}],"collection":[{"href":"https:\/\/www.pasteris.it\/blog\/wp-json\/wp\/v2\/posts"}],"about":[{"href":"https:\/\/www.pasteris.it\/blog\/wp-json\/wp\/v2\/types\/post"}],"author":[{"embeddable":true,"href":"https:\/\/www.pasteris.it\/blog\/wp-json\/wp\/v2\/users\/3"}],"replies":[{"embeddable":true,"href":"https:\/\/www.pasteris.it\/blog\/wp-json\/wp\/v2\/comments?post=27820"}],"version-history":[{"count":2,"href":"https:\/\/www.pasteris.it\/blog\/wp-json\/wp\/v2\/posts\/27820\/revisions"}],"predecessor-version":[{"id":27824,"href":"https:\/\/www.pasteris.it\/blog\/wp-json\/wp\/v2\/posts\/27820\/revisions\/27824"}],"wp:attachment":[{"href":"https:\/\/www.pasteris.it\/blog\/wp-json\/wp\/v2\/media?parent=27820"}],"wp:term":[{"taxonomy":"category","embeddable":true,"href":"https:\/\/www.pasteris.it\/blog\/wp-json\/wp\/v2\/categories?post=27820"},{"taxonomy":"post_tag","embeddable":true,"href":"https:\/\/www.pasteris.it\/blog\/wp-json\/wp\/v2\/tags?post=27820"}],"curies":[{"name":"wp","href":"https:\/\/api.w.org\/{rel}","templated":true}]}}