{"id":27945,"date":"2012-01-04T19:50:45","date_gmt":"2012-01-04T18:50:45","guid":{"rendered":"http:\/\/www.pasteris.it\/blog\/?p=27945"},"modified":"2012-01-04T19:54:21","modified_gmt":"2012-01-04T18:54:21","slug":"raphael-rossi-non-e-piu-il-presidente-dellazienda-di-igiene-ambientale-di-napoli","status":"publish","type":"post","link":"https:\/\/www.pasteris.it\/blog\/2012\/01\/04\/raphael-rossi-non-e-piu-il-presidente-dellazienda-di-igiene-ambientale-di-napoli\/","title":{"rendered":"Raphael Rossi non \u00e8 pi\u00f9 il presidente dell\u2019azienda di igiene ambientale di Napoli"},"content":{"rendered":"<p><a href=\"http:\/\/www.quotidianopiemontese.it\/2012\/01\/04\/rapahel-rossi-non-e-piu-il-presidente-dellazienda-di-igiene-ambientale-di-napoli\/\" target=\"_blank\">Via QP<\/a><\/p>\n<blockquote><p><a href=\"http:\/\/www.pasteris.it\/blog\/?attachment_id=21435\" rel=\"attachment wp-att-21435\"><img loading=\"lazy\" decoding=\"async\" class=\"alignright\" title=\"raphael-rossi\" src=\"http:\/\/www.quotidianopiemontese.it\/wp-content\/uploads\/2011\/06\/raphael-rossi.jpg\" alt=\"\" width=\"120\" height=\"87\" \/><\/a>Luigi De Magistris, sindaco di Napoli, ha dato cos\u00ec la notizia della sostituzione di Rossi con Raffaele Del Giudice per la gestione del problema rifiuti: \u201cRaphael Rossi non sar\u00e0 pi\u00f9 il presidente dell\u2019<a href=\"http:\/\/www.asianapoli.it\/\" target=\"_blank\">As\u00eca\u00a0<\/a>ma continuer\u00e0 a collaborare\u201d. All\u2019inizio del mandato Rossi,\u00a0<a href=\"http:\/\/www.quotidianopiemontese.it\/2011\/04\/01\/in-italia-chi-denuncia-la-corruzione-non-e-tutelato-video\/\" target=\"_blank\">noto per l\u2019inchiesta giudiziaria sull\u2019Amiat<\/a>\u00a0di Torino, sosteneva: \u201cLa sfida. Per chi, come me, si occupa di gestione dei rifiuti, Napoli rappresentava il Paese della Cuccagna\u201d.A chi lo interrogava\u00a0sulle motivazioni della separazione, Rossi ha dichiarato: \u201cLa verit\u00e0 \u00e8 che c\u2019\u00e8 stata una scelta del sindaco e io ho rimesso il mio mandato che durava 6 mesi. Abbiamo ottenuto risultati eccellenti. Ora il sindaco ha ritenuto di destinarmi ad altra mansione. Ma non sono a caccia di un posto, n\u00e9 di uno stipendio pi\u00f9 alto\u201d.Dietro il cambio di guida per l\u2019As\u00eca ci sarebbero per\u00f2 divergenze di vedute: De Magistris non avrebbe apprezzato la conduzione di Rossi, che non riteneva necessario condividere determinati poteri con il sindaco di Napoli. Rossi ha aggiunto: \u201cNapoli \u00e8 una citt\u00e0 difficile, deve capirmi . Il sindaco avr\u00e0 deciso di passare da una gestione autocratica eccezionale a quella in cui il direttore generale non ha tutti i poteri. Ne avr\u00e0 voluto qualcuno anche per lui.\u201d<\/p><\/blockquote>\n","protected":false},"excerpt":{"rendered":"<p>Via QP Luigi De Magistris, sindaco di Napoli, ha dato cos\u00ec la notizia della sostituzione di Rossi con Raffaele Del Giudice per la gestione del problema rifiuti: \u201cRaphael Rossi non sar\u00e0 pi\u00f9 il presidente dell\u2019As\u00eca\u00a0ma continuer\u00e0 a collaborare\u201d. All\u2019inizio del mandato Rossi,\u00a0noto per l\u2019inchiesta giudiziaria sull\u2019Amiat\u00a0di Torino, sosteneva: \u201cLa sfida. Per chi, come me, si &#8230; <a title=\"Raphael Rossi non \u00e8 pi\u00f9 il presidente dell\u2019azienda di igiene ambientale di Napoli\" class=\"read-more\" href=\"https:\/\/www.pasteris.it\/blog\/2012\/01\/04\/raphael-rossi-non-e-piu-il-presidente-dellazienda-di-igiene-ambientale-di-napoli\/\" aria-label=\"Per saperne di pi\u00f9 su Raphael Rossi non \u00e8 pi\u00f9 il presidente dell\u2019azienda di igiene ambientale di Napoli\">Leggi tutto<\/a><\/p>\n","protected":false},"author":3,"featured_media":0,"comment_status":"open","ping_status":"open","sticky":false,"template":"","format":"standard","meta":{"footnotes":""},"categories":[49,1],"tags":[2160,1660,287],"class_list":["post-27945","post","type-post","status-publish","format-standard","hentry","category-ambiente","category-politica","tag-torino","tag-raphael-rossi","tag-rifiuti"],"_links":{"self":[{"href":"https:\/\/www.pasteris.it\/blog\/wp-json\/wp\/v2\/posts\/27945","targetHints":{"allow":["GET"]}}],"collection":[{"href":"https:\/\/www.pasteris.it\/blog\/wp-json\/wp\/v2\/posts"}],"about":[{"href":"https:\/\/www.pasteris.it\/blog\/wp-json\/wp\/v2\/types\/post"}],"author":[{"embeddable":true,"href":"https:\/\/www.pasteris.it\/blog\/wp-json\/wp\/v2\/users\/3"}],"replies":[{"embeddable":true,"href":"https:\/\/www.pasteris.it\/blog\/wp-json\/wp\/v2\/comments?post=27945"}],"version-history":[{"count":2,"href":"https:\/\/www.pasteris.it\/blog\/wp-json\/wp\/v2\/posts\/27945\/revisions"}],"predecessor-version":[{"id":27947,"href":"https:\/\/www.pasteris.it\/blog\/wp-json\/wp\/v2\/posts\/27945\/revisions\/27947"}],"wp:attachment":[{"href":"https:\/\/www.pasteris.it\/blog\/wp-json\/wp\/v2\/media?parent=27945"}],"wp:term":[{"taxonomy":"category","embeddable":true,"href":"https:\/\/www.pasteris.it\/blog\/wp-json\/wp\/v2\/categories?post=27945"},{"taxonomy":"post_tag","embeddable":true,"href":"https:\/\/www.pasteris.it\/blog\/wp-json\/wp\/v2\/tags?post=27945"}],"curies":[{"name":"wp","href":"https:\/\/api.w.org\/{rel}","templated":true}]}}