{"id":27954,"date":"2012-01-05T06:41:23","date_gmt":"2012-01-05T05:41:23","guid":{"rendered":"http:\/\/www.pasteris.it\/blog\/?p=27954"},"modified":"2012-01-05T06:41:23","modified_gmt":"2012-01-05T05:41:23","slug":"la-storia-di-lsdi-diventa-una-tesi","status":"publish","type":"post","link":"https:\/\/www.pasteris.it\/blog\/2012\/01\/05\/la-storia-di-lsdi-diventa-una-tesi\/","title":{"rendered":"La storia di LSDI diventa una tesi"},"content":{"rendered":"<div>\n<p><em><a href=\"http:\/\/www.lsdi.it\/wp-content\/uploads\/Wiki.png\"><img loading=\"lazy\" decoding=\"async\" class=\"alignright\" title=\"Wiki\" src=\"http:\/\/www.lsdi.it\/wp-content\/uploads\/Wiki.png\" alt=\"\" width=\"194\" height=\"205\" \/><\/a><\/em><\/p>\n<p><a href=\"http:\/\/www.lsdi.it\/2011\/12\/il-giornalismo-nell-era-wiki-informazione-partecipata-e-laboratori-di-senso\/\">Bravini questi tipi di LSDI :-)))<\/a><\/p>\n<blockquote><p>Sviluppi e problemi dell\u2019 informazione e della professione giornalistica analizzati anche attraverso l\u2019 esperienza di Lsdi nella tesi con cui una studentessa croata si \u00e8 \u00a0laureata in Scienze della Comunicazione sociale all\u2019 Universit\u00e0 Pontificia Salesiana di Roma e che qui pubblichiamo &#8211; \u2018\u2019IL GIORNALISMO NELL\u2019 ERA WIKI. Dall\u2019informazione partecipata a un \u2018laboratorio di senso\u2019: l\u2019esperienza del sito LSDI\u2019\u2019, questo il titolo del lavoro, che qui pubblichiamo<\/p>\n<p>Il futuro del giornalismo analizzato attraverso il lavoro di documentazione prodotto in questi anni da Lsdi. E\u2019 la Tesi di una studentessa croata, Anita Posaric*, che nel novembre scorso si \u00e8 laureata in Scienze della Comunicazione sociale all\u2019 Universit\u00e0 Pontificia Salesiana di Roma.<\/p>\n<p>\u2018\u2019IL GIORNALISMO NELL\u2019 ERA WIKI. Dall\u2019informazione partecipata a un \u201claboratorio di senso\u201d: l\u2019esperienza del sito LSDI\u2019\u2019 \u00e8 il titolo della tesi, di cui \u00e8 stato relatore il professor Vittorio Sammarco. Il lavoro di Anita Posaric dedica alla nostra attivit\u00e0 un intero capitolo e si chiude con una ampia intervista a Pino Rea, coordinatore di Lsdi.<\/p><\/blockquote>\n<\/div>\n","protected":false},"excerpt":{"rendered":"<p>Bravini questi tipi di LSDI :-))) Sviluppi e problemi dell\u2019 informazione e della professione giornalistica analizzati anche attraverso l\u2019 esperienza di Lsdi nella tesi con cui una studentessa croata si \u00e8 \u00a0laureata in Scienze della Comunicazione sociale all\u2019 Universit\u00e0 Pontificia Salesiana di Roma e che qui pubblichiamo &#8211; \u2018\u2019IL GIORNALISMO NELL\u2019 ERA WIKI. Dall\u2019informazione partecipata &#8230; <a title=\"La storia di LSDI diventa una tesi\" class=\"read-more\" href=\"https:\/\/www.pasteris.it\/blog\/2012\/01\/05\/la-storia-di-lsdi-diventa-una-tesi\/\" aria-label=\"Per saperne di pi\u00f9 su La storia di LSDI diventa una tesi\">Leggi tutto<\/a><\/p>\n","protected":false},"author":3,"featured_media":0,"comment_status":"open","ping_status":"open","sticky":false,"template":"","format":"standard","meta":{"footnotes":""},"categories":[30],"tags":[210,683,368],"class_list":["post-27954","post","type-post","status-publish","format-standard","hentry","category-media","tag-lsdi","tag-tesi","tag-wiki"],"_links":{"self":[{"href":"https:\/\/www.pasteris.it\/blog\/wp-json\/wp\/v2\/posts\/27954","targetHints":{"allow":["GET"]}}],"collection":[{"href":"https:\/\/www.pasteris.it\/blog\/wp-json\/wp\/v2\/posts"}],"about":[{"href":"https:\/\/www.pasteris.it\/blog\/wp-json\/wp\/v2\/types\/post"}],"author":[{"embeddable":true,"href":"https:\/\/www.pasteris.it\/blog\/wp-json\/wp\/v2\/users\/3"}],"replies":[{"embeddable":true,"href":"https:\/\/www.pasteris.it\/blog\/wp-json\/wp\/v2\/comments?post=27954"}],"version-history":[{"count":2,"href":"https:\/\/www.pasteris.it\/blog\/wp-json\/wp\/v2\/posts\/27954\/revisions"}],"predecessor-version":[{"id":27956,"href":"https:\/\/www.pasteris.it\/blog\/wp-json\/wp\/v2\/posts\/27954\/revisions\/27956"}],"wp:attachment":[{"href":"https:\/\/www.pasteris.it\/blog\/wp-json\/wp\/v2\/media?parent=27954"}],"wp:term":[{"taxonomy":"category","embeddable":true,"href":"https:\/\/www.pasteris.it\/blog\/wp-json\/wp\/v2\/categories?post=27954"},{"taxonomy":"post_tag","embeddable":true,"href":"https:\/\/www.pasteris.it\/blog\/wp-json\/wp\/v2\/tags?post=27954"}],"curies":[{"name":"wp","href":"https:\/\/api.w.org\/{rel}","templated":true}]}}