{"id":28000,"date":"2012-01-09T00:01:14","date_gmt":"2012-01-08T23:01:14","guid":{"rendered":"http:\/\/www.pasteris.it\/blog\/?p=28000"},"modified":"2012-01-09T03:46:12","modified_gmt":"2012-01-09T02:46:12","slug":"una-cricca-malinconica","status":"publish","type":"post","link":"https:\/\/www.pasteris.it\/blog\/2012\/01\/09\/una-cricca-malinconica\/","title":{"rendered":"Una cricca Malinconica"},"content":{"rendered":"<p><a href=\"http:\/\/www.ilfattoquotidiano.it\/2012\/01\/08\/malinconico-de-luxe-offre-la-cricca\/182278\/\" target=\"_blank\">Via il Fatto Quotidiano<\/a><\/p>\n<p>Quando si \u00e8 visto arrivare il programma delle ferie di Carlo Malinconico per il 2008 Roberto Sci\u00f2, patron di uno degli alberghi pi\u00f9 belli e cari d\u2019Italia, Il Pellicano di Porto Ercole, nonch\u00e9 padre della pi\u00f9 famosa stellina di Non \u00e8 la Rai Yvonne, sbotta: \u201cHo visto il fax ci mancava poco che svengo\u201d. Sci\u00f2 ne ha viste tante nel suo Relais &#038; Chateaux 5 stelle con terrazza sul pi\u00f9 bel tramonto del Tirreno, e ride: \u201cFrancesco ma che te lo sei adottato il professore?\u201d E poi \u201cMa che stai costruendo un grattacielo da qualche parte?\u201d\u2026.. \u201ce mi auguro che sia veramente foriero tutto questo tuo\u2026 (e ride)\u201d. Piscicelli imbarazzato ride anche lui: \u201cFa parte dei giochi, che vuoi fare? Di qualsiasi colore essi siano poi\u201d.<\/p>\n<p>Il Fatto, pubblica oggi l\u2019elenco che stava facendo svenire Sci\u00f2 e l\u2019informativa dei Carabinieri del Ros del 7 giugno 2010 sulle vacanze al Pellicano dalla quale risulta una verit\u00e0 incompatibile con il ruolo di Malinconico. Il Ros di Firenze ha passato ore ad ascoltare le intercettazioni telefoniche e ad acquisire le ricevute dell\u2019hotel. La conclusione \u00e8 netta: \u201cE\u2019 stato rilevato, in sintesi che, tra il 2007 e il 2008, il professor Carlo Malinconico ha soggiornato pi\u00f9 volte presso la struttura alberghiera Il Pellicano, e le relative spese quantificate in complessivi euro 19. 876, 00 sono state pagate, con varie modalit\u00e0, di seguito specificate, da Piscicelli Francesco Maria\u201d.<!--more--><\/p>\n<p>Proprio al Fatto, Piscicelli aveva detto:\u201dAspetto ancora i 9 mila e 800 euro da Balducci che mi aveva detto di anticiparli per lui\u201d. Ma Malinconico per i Carabinieri non ha pagato nemmeno gli extra: \u201cPiscicelli alle ore 11. 27 del 20. 08. 2007 ha saldato anche le spese extra per un importo di euro 685, 00 a mezzo carta di credito American Express\u2026 della Opere Pubbliche e Ambiente spa\u201d, cio\u00e9 la societ\u00e0 che lavorava ai cantieri dei Mondiali del Nuoto 2009, controllati dalla Presidenza del consiglio, dove lavorava Malinconico come segretario generale. Il sottosegretario ieri ha spiegato al Giornale, che ha rilanciato le rivelazioni di Piscicelli al Fatto: \u201cChiesi con insistenza all\u2019albergo, a fronte del diniego di farmi pagare, chi avesse pagato. Mi fu risposto che non era possibile dirlo per ragioni di privacy. Mi irritai molto e non misi pi\u00f9 piede nell\u2019albergo\u201d.<\/p>\n<p>Peccato che le sue affermazioni sono smentite dalle carte dell\u2019inchiesta. Malinconico dice di avere tentato disperatamente di sapere chi fosse il suo ignoto benefattore. Evidentemente per indagare sar\u00e0 tornato sul luogo del delitto l\u2019anno dopo. I suoi subdoli finanziatori non desistono e anzi rilanciano. Per il 2008 a fine aprile predispongono l\u2019elenco delle sue ferie, su indicazione di Balducci, proprio al Pellicano. Quando Malinconico sta partendo da Roma per il primo di una lunga serie di week end, il primo maggio, Piscicelli lo chiama dalla sua villa all\u2019Argentario per sapere quando arriva. Anche per quel ponte Malinconico non tira fuori un euro. I carabinieri hanno trovato la fattura pagata da Piscicelli di 2 mila e 430 euro per tre notti nel relais, un prezzo che include gli extra e il ristorante gourmet. L\u2019elenco dei week end successivi, spedito per fax da Piscicelli ad Anemone, prevede sempre il trattamento top da 1456 euro a notte per la suite deluxe nel cottage con vista mare. Si parte con il ponte dall\u2019uno al 5 maggio 2008. Poi ancora dal 31 maggio al 2 giugno 2008; dal 14 giugno al 16 giugno 2008; dal 28 al 30 giugno; dal 12 al 14 luglio del 2008; dal 26 luglio al 28 luglio 2008; dall\u2019 8 al 18 agosto del 2008. Talvolta sul registro dell\u2019hotel risultano dei cambiamenti, per esempio partenze anticipate come nel caso del 3 maggio, invece del 5 previsto. Solo in due casi risultano pagamenti con la carta di credito di Malinconico: 1483 euro il 20 giugno e 3168 euro il 27 luglio per il periodo 25-27 luglio.<br \/>\n<!--more--><\/p>\n","protected":false},"excerpt":{"rendered":"<p>Via il Fatto Quotidiano Quando si \u00e8 visto arrivare il programma delle ferie di Carlo Malinconico per il 2008 Roberto Sci\u00f2, patron di uno degli alberghi pi\u00f9 belli e cari d\u2019Italia, Il Pellicano di Porto Ercole, nonch\u00e9 padre della pi\u00f9 famosa stellina di Non \u00e8 la Rai Yvonne, sbotta: \u201cHo visto il fax ci mancava &#8230; <a title=\"Una cricca Malinconica\" class=\"read-more\" href=\"https:\/\/www.pasteris.it\/blog\/2012\/01\/09\/una-cricca-malinconica\/\" aria-label=\"Per saperne di pi\u00f9 su Una cricca Malinconica\">Leggi tutto<\/a><\/p>\n","protected":false},"author":3,"featured_media":0,"comment_status":"open","ping_status":"open","sticky":false,"template":"","format":"standard","meta":{"footnotes":""},"categories":[11,30],"tags":[121,61],"class_list":["post-28000","post","type-post","status-publish","format-standard","hentry","category-diritti","category-media","tag-editoria","tag-italia"],"_links":{"self":[{"href":"https:\/\/www.pasteris.it\/blog\/wp-json\/wp\/v2\/posts\/28000","targetHints":{"allow":["GET"]}}],"collection":[{"href":"https:\/\/www.pasteris.it\/blog\/wp-json\/wp\/v2\/posts"}],"about":[{"href":"https:\/\/www.pasteris.it\/blog\/wp-json\/wp\/v2\/types\/post"}],"author":[{"embeddable":true,"href":"https:\/\/www.pasteris.it\/blog\/wp-json\/wp\/v2\/users\/3"}],"replies":[{"embeddable":true,"href":"https:\/\/www.pasteris.it\/blog\/wp-json\/wp\/v2\/comments?post=28000"}],"version-history":[{"count":2,"href":"https:\/\/www.pasteris.it\/blog\/wp-json\/wp\/v2\/posts\/28000\/revisions"}],"predecessor-version":[{"id":28002,"href":"https:\/\/www.pasteris.it\/blog\/wp-json\/wp\/v2\/posts\/28000\/revisions\/28002"}],"wp:attachment":[{"href":"https:\/\/www.pasteris.it\/blog\/wp-json\/wp\/v2\/media?parent=28000"}],"wp:term":[{"taxonomy":"category","embeddable":true,"href":"https:\/\/www.pasteris.it\/blog\/wp-json\/wp\/v2\/categories?post=28000"},{"taxonomy":"post_tag","embeddable":true,"href":"https:\/\/www.pasteris.it\/blog\/wp-json\/wp\/v2\/tags?post=28000"}],"curies":[{"name":"wp","href":"https:\/\/api.w.org\/{rel}","templated":true}]}}