{"id":28053,"date":"2012-01-12T23:48:29","date_gmt":"2012-01-12T22:48:29","guid":{"rendered":"http:\/\/www.pasteris.it\/blog\/?p=28053"},"modified":"2012-01-12T23:48:55","modified_gmt":"2012-01-12T22:48:55","slug":"la-casta-salva-cosentino","status":"publish","type":"post","link":"https:\/\/www.pasteris.it\/blog\/2012\/01\/12\/la-casta-salva-cosentino\/","title":{"rendered":"La casta salva Cosentino"},"content":{"rendered":"<p><a href=\"http:\/\/www.dazebaonews.it\/primo-piano\/item\/7872-cosentino-la-casta-dei-deputati-dice-no-allarresto-perfino-i-radicali-contrari\" target=\"_blank\">Via Dazebao<\/a><\/p>\n<blockquote><p>Con 309 voti contrari e 298 favorevoli su 607 votanti, la Camera a scrutinio segreto ha respinto la richiesta di autorizzazione all&#8217;arresto nei confronti del deputato del Pdl ed ex sottosegretario all&#8217;Economia Nicola Cosentino. Cos\u00ec il deputato classe 1959, nato a Casal di Principe e secondo il boss pentito Carmine Schiavone punto di riferimento politico dei Casalesi continuer\u00e0 ad essere il coordinatore Pdl per la Campania, anche se lo stesso Cosentino ha annunciato le sue intenzioni a dimettersi, purch\u00e8 siano i vertici di partito a deciderlo. Insomma le cose non cambiano o comunque non si vogliono cambiare, tant&#8217;\u00e8 che ben 22 deputati non hanno neppure partecipato al voto, quattro dei quali erano in missione, mentre i sei radicali si sono opposti all&#8217;arresto pronunciando il loro &#8220;no&#8221;.<\/p>\n<p>Ancora una volta la giustizia, i magistrati napoletani che hanno indagato escono sconfitti da un epilogo per tanti versi scontato. La Casta Politica salva ancora il &#8220;collega&#8221; di turno per il quale non si potr\u00e0 procedere penalmente, almeno finch\u00e8 ricoprir\u00e0 il suo ruolo istituzionale. Eppure le accuse rivolte a Cosentino non sono proprio all&#8217;acqua di rose; partono dal 2008, anno in cui sempre Schiavone parl\u00f2 di un patto elettorale tra camorra e l&#8217;esponente politico, che una volta eletto avrebbe svolto un ruolo decisivo per la &#8220;famiglia&#8221;.<!--more--><br \/>\nE non finisce qui, perch\u00e8 Cosentino sempre nello stesso periodo \u00e8 accusato anche di riciclaggio dei rifiuti tossici nella sua regione. L&#8217;anno successivo, esattamente nel novembre del 2009, i Pm chiedono per la prima volta alla Camera l&#8217;autorizzazione a procedere con la custodia cautelare nei confronti del deputato campano. La richiesta \u00e8 per\u00f2 respinta al mittente.<br \/>\nMa c&#8217;\u00e8 dell&#8217;altro. Il nome di Cosentino, infatti, spunta nuovamente nel 2010 nell&#8217;inchiesta sulla nuova P2, la cricca di faccendieri e politici che lo avrebbero favorito per governare la regione Campania. Ragion per cui il tribunale chiede ancora una volta alla Giunta a procedere l&#8217;arresto dell&#8217;uomo che potrebbe svolgere il ruolo di referente politico per il clan dei casalesi. La richiesta questa volta \u00e8 accettata, ma la Camera oggi si \u00e8 espressa contrariamente.<\/p><\/blockquote>\n","protected":false},"excerpt":{"rendered":"<p>Via Dazebao Con 309 voti contrari e 298 favorevoli su 607 votanti, la Camera a scrutinio segreto ha respinto la richiesta di autorizzazione all&#8217;arresto nei confronti del deputato del Pdl ed ex sottosegretario all&#8217;Economia Nicola Cosentino. Cos\u00ec il deputato classe 1959, nato a Casal di Principe e secondo il boss pentito Carmine Schiavone punto di &#8230; <a title=\"La casta salva Cosentino\" class=\"read-more\" href=\"https:\/\/www.pasteris.it\/blog\/2012\/01\/12\/la-casta-salva-cosentino\/\" aria-label=\"Per saperne di pi\u00f9 su La casta salva Cosentino\">Leggi tutto<\/a><\/p>\n","protected":false},"author":3,"featured_media":0,"comment_status":"open","ping_status":"open","sticky":false,"template":"","format":"standard","meta":{"footnotes":""},"categories":[11,1],"tags":[518,919],"class_list":["post-28053","post","type-post","status-publish","format-standard","hentry","category-diritti","category-politica","tag-casta","tag-politici"],"_links":{"self":[{"href":"https:\/\/www.pasteris.it\/blog\/wp-json\/wp\/v2\/posts\/28053","targetHints":{"allow":["GET"]}}],"collection":[{"href":"https:\/\/www.pasteris.it\/blog\/wp-json\/wp\/v2\/posts"}],"about":[{"href":"https:\/\/www.pasteris.it\/blog\/wp-json\/wp\/v2\/types\/post"}],"author":[{"embeddable":true,"href":"https:\/\/www.pasteris.it\/blog\/wp-json\/wp\/v2\/users\/3"}],"replies":[{"embeddable":true,"href":"https:\/\/www.pasteris.it\/blog\/wp-json\/wp\/v2\/comments?post=28053"}],"version-history":[{"count":3,"href":"https:\/\/www.pasteris.it\/blog\/wp-json\/wp\/v2\/posts\/28053\/revisions"}],"predecessor-version":[{"id":28057,"href":"https:\/\/www.pasteris.it\/blog\/wp-json\/wp\/v2\/posts\/28053\/revisions\/28057"}],"wp:attachment":[{"href":"https:\/\/www.pasteris.it\/blog\/wp-json\/wp\/v2\/media?parent=28053"}],"wp:term":[{"taxonomy":"category","embeddable":true,"href":"https:\/\/www.pasteris.it\/blog\/wp-json\/wp\/v2\/categories?post=28053"},{"taxonomy":"post_tag","embeddable":true,"href":"https:\/\/www.pasteris.it\/blog\/wp-json\/wp\/v2\/tags?post=28053"}],"curies":[{"name":"wp","href":"https:\/\/api.w.org\/{rel}","templated":true}]}}