{"id":28133,"date":"2012-01-19T07:39:44","date_gmt":"2012-01-19T06:39:44","guid":{"rendered":"http:\/\/www.pasteris.it\/blog\/?p=28133"},"modified":"2012-01-19T07:39:44","modified_gmt":"2012-01-19T06:39:44","slug":"gli-indignati-italiani-con-i-forconi","status":"publish","type":"post","link":"https:\/\/www.pasteris.it\/blog\/2012\/01\/19\/gli-indignati-italiani-con-i-forconi\/","title":{"rendered":"Gli indignati italiani con i forconi"},"content":{"rendered":"<p><a href=\"http:\/\/www.linkiesta.it\/forconi-indignados\" target=\"_blank\">Via Linkiesta<\/a><\/p>\n<div id=\"content\">\n<div>\n<blockquote>\n<div>La premessa \u00e8 d\u2019obbligo. Professori, benpensanti, intellettuali, giornalisti, assennati o chiunque siate: se cercate una motivazione alla base della cosiddetta rivolta dei forconi che sta paralizzando la Sicilia, rassegnatevi: non la troverete. Volendosi strettamente attenere all\u2019evolversi degli eventi, la protesta \u00e8 oggi guidata dagli autotrasportatori siciliani contro l\u2019ennesimo aumento del gasolio nella regione dove si raffina il 40% della benzina italiana. Hanno cos\u00ec indetto cinque giorni di stop che stanno paralizzando la Sicilia. In orgini peraltro, come l\u2019evocazione dei \u201cforconi\u201d certifica, le prime proteste sono state organizzate da agricoltori e pastori, denuncianti un generico \u201cdisinteresse delle istituzioni\u201d. Alcuni rivendicano addirittura una data fondativa, una protesta contro il Ministro dell\u2019ultimo Governo Berlusconi Saverio Romano nella sua isola.<\/div>\n<p><iframe loading=\"lazy\" src=\"http:\/\/www.youtube.com\/embed\/wASI6RXFSDw?rel=0\" frameborder=\"0\" width=\"560\" height=\"315\"><\/iframe><\/p>\n<div>\n<p>Ma la motivazione e le origini torneranno buona per gli storici. Di fatto, a quella originaria se ne sono aggiunte gi\u00e0 tante altre. Ve ne forniamo qualcuna, cos\u00ec, in ordine sparso. Mariano Ferro, leader della rivolta, dichiara sul sito informarexresistere.fr: \u00abSiamo qui perch\u00e9 questa terra potrebbe essere ricca e invece continuiamo tutti a soffrire. Abbiamo chiesto al governo, a tutti i governi, di ascoltarci: nulla. Adesso speriamo che con questa protesta abbiano un pizzico di attenzione nei nostri confronti\u00bb. E ancora, Onofrio Carruba Toscano, del Movimento dei Forconi, presidente dell\u2019Aiase (Accademia italiana alta scuola equestre), protagonista di una protesta a cavallo, rivela al sito infomessina.it: \u00ab\u00c8 un\u2019esplosione di gioia e di libert\u00e0 al grido di: Basta! Dalla Sicilia \u00e8 partita una grande rivoluzione di coscienze e di anime. Non sono iscritto a nessun partito politico. Ho aderito al movimento spontaneamente perch\u00e9 ci ho sempre creduto. Oggi siamo molto stanchi, ma gioiosi. Peccato che la stampa nazionale si stia comportando in maniera indegna\u00bb.<\/p>\n<p>&#8230;<!--more--><\/p>\n<p>Al momento la situazione in Sicilia \u00e8 la seguente: la benzina \u00e8 quasi esaurita, lunghe code alle poche pompe che ancora ne hanno, i tir sono fermi, le provviste alimentari cominciano a scarseggiare, ai dipendenti delle raffinerie viene impedito di raggiungere il posto di lavoro. E sui social network si festeggiano le prime code di camion in Calabria. E s\u00ec, perch\u00e9 ormai del prezzo del gasolio quasi non si parla pi\u00f9. Alle responsabilit\u00e0 del governatore Lombardo si sommano quelle del presidente del Consiglio Mario Monti, senza ovviamente trascurare un Parlamento che evita l\u2019arresto a Nicola Cosentino, n\u00e9 il nodo scorsoio che Equitalia sta mettendo al collo di imprese e cittadini. E tanto, tanto ancora.<\/p>\n<\/div>\n<\/blockquote>\n<div>\n<blockquote><p>Insomma, c\u2019\u00e8 tutto e non c\u2019\u00e8 niente in questa protesta che sembra essere la versione italiana degli indignados. In Spagna occuparono una piazza e vi dormirono per oltre un mese. Da noi, a questo punto, l\u2019obiettivo diventer\u00e0 provare a paralizzare il Paese. Una piattaforma politica non c\u2019\u00e8, questo \u00e8 sicuro. Il qualuquismo spadroneggia. Si dichiarano apolitici anche se hanno il sostegno di Forza Nuova. Persino la Lega strizza loro l\u2019occhio. Si paragonano ai Vespri siciliani, ma stavolta quelli da scacciare non sono i francesi. Martino Morsello, leader del movimento dei forconi, va sul sicuro: \u00abQuesta classe politica deve andare a casa, tutta senza distinzioni\u00bb. Parlano di effetto domino: \u00abStavolta faremo davvero la rivoluzione\u00bb.<\/p><\/blockquote>\n<\/div>\n<\/div>\n<\/div>\n","protected":false},"excerpt":{"rendered":"<p>Via Linkiesta La premessa \u00e8 d\u2019obbligo. Professori, benpensanti, intellettuali, giornalisti, assennati o chiunque siate: se cercate una motivazione alla base della cosiddetta rivolta dei forconi che sta paralizzando la Sicilia, rassegnatevi: non la troverete. Volendosi strettamente attenere all\u2019evolversi degli eventi, la protesta \u00e8 oggi guidata dagli autotrasportatori siciliani contro l\u2019ennesimo aumento del gasolio nella regione &#8230; <a title=\"Gli indignati italiani con i forconi\" class=\"read-more\" href=\"https:\/\/www.pasteris.it\/blog\/2012\/01\/19\/gli-indignati-italiani-con-i-forconi\/\" aria-label=\"Per saperne di pi\u00f9 su Gli indignati italiani con i forconi\">Leggi tutto<\/a><\/p>\n","protected":false},"author":3,"featured_media":0,"comment_status":"open","ping_status":"open","sticky":false,"template":"","format":"standard","meta":{"footnotes":""},"categories":[11,1,32],"tags":[1790,61,585],"class_list":["post-28133","post","type-post","status-publish","format-standard","hentry","category-diritti","category-politica","category-pensieri","tag-indignati","tag-italia","tag-sicilia"],"_links":{"self":[{"href":"https:\/\/www.pasteris.it\/blog\/wp-json\/wp\/v2\/posts\/28133","targetHints":{"allow":["GET"]}}],"collection":[{"href":"https:\/\/www.pasteris.it\/blog\/wp-json\/wp\/v2\/posts"}],"about":[{"href":"https:\/\/www.pasteris.it\/blog\/wp-json\/wp\/v2\/types\/post"}],"author":[{"embeddable":true,"href":"https:\/\/www.pasteris.it\/blog\/wp-json\/wp\/v2\/users\/3"}],"replies":[{"embeddable":true,"href":"https:\/\/www.pasteris.it\/blog\/wp-json\/wp\/v2\/comments?post=28133"}],"version-history":[{"count":2,"href":"https:\/\/www.pasteris.it\/blog\/wp-json\/wp\/v2\/posts\/28133\/revisions"}],"predecessor-version":[{"id":28135,"href":"https:\/\/www.pasteris.it\/blog\/wp-json\/wp\/v2\/posts\/28133\/revisions\/28135"}],"wp:attachment":[{"href":"https:\/\/www.pasteris.it\/blog\/wp-json\/wp\/v2\/media?parent=28133"}],"wp:term":[{"taxonomy":"category","embeddable":true,"href":"https:\/\/www.pasteris.it\/blog\/wp-json\/wp\/v2\/categories?post=28133"},{"taxonomy":"post_tag","embeddable":true,"href":"https:\/\/www.pasteris.it\/blog\/wp-json\/wp\/v2\/tags?post=28133"}],"curies":[{"name":"wp","href":"https:\/\/api.w.org\/{rel}","templated":true}]}}