{"id":28264,"date":"2012-01-31T19:50:10","date_gmt":"2012-01-31T18:50:10","guid":{"rendered":"http:\/\/www.pasteris.it\/blog\/?p=28264"},"modified":"2012-01-31T19:50:10","modified_gmt":"2012-01-31T18:50:10","slug":"la-panda-e-simpaticamente-lincapacita-di-gestire-le-pr-online-di-fiat","status":"publish","type":"post","link":"https:\/\/www.pasteris.it\/blog\/2012\/01\/31\/la-panda-e-simpaticamente-lincapacita-di-gestire-le-pr-online-di-fiat\/","title":{"rendered":"La Panda \u00e8 simpaticamente: l&#8217;incapacit\u00e0 di gestire le PR online di Fiat"},"content":{"rendered":"<p>I geni della brand reputation ora mandano in avanscoperta gli avvocati che cos\u00ec combinano disastri senza confini sulla Rete. Complimenti ai geni della comunicazione ed agli uffici legali. <a href=\"http:\/\/www.quotidianopiemontese.it\/2012\/01\/31\/quando-le-macchine-si-offendono-il-caso-della-piccola-simpatica-e-permalosissima-nuova-panda\/\" target=\"_blank\">Via QP<\/a><\/p>\n<blockquote><p>Succede che la\u00a0<a href=\"http:\/\/gilioli.blogautore.espresso.repubblica.it\/2011\/12\/15\/in-ginocchio-da-sergio\/\" target=\"_blank\">\u201cpiccola, simpatica, anti-crisi\u201d<\/a>\u00a0nuova\u00a0<a href=\"http:\/\/www.motori24.ilsole24ore.com\/Dossier\/panda\/\" target=\"_blank\">Panda<\/a>\u00a0sia stata costretta a rivolgersi a un avvocato per tutelarsi dalle terribili accuse lanciate contro di lei dal\u00a0<a href=\"http:\/\/gilioli.blogautore.espresso.repubblica.it\/\" target=\"_blank\">giornalista-blogger de l\u2019Espresso Alessandro Gilioli<\/a>.\u201dNasce la nuova Panda: ed \u00e8 gi\u00e0 un po\u2019 str\u2026.\u201d, titola mercoled\u00ec 25 gennaio Gilioli in\u00a0<a href=\"http:\/\/gilioli.blogautore.espresso.repubblica.it\/2012\/01\/25\/nasce-la-nuova-panda-ed-e-gia-illegale\/\" target=\"_blank\">un post \u201cdedicato\u201d al Lingotto<\/a>. Apriti cielo, non fosse mai successo. La Panda si \u00e8 offesa: piccola e simpatica dev\u2019essere anche \u2013 oltre che anti-crisi \u2013 molto permalosa, tanto da rivolgersi a un avvocato che a nome di\u00a0Fiat Group Automobiles Spa <a href=\"http:\/\/gilioli.blogautore.espresso.repubblica.it\/2012\/01\/30\/la-panda-si-e-un-po-offesa\/\" target=\"_blank\">scrive<\/a>al giornalista intimandogli la cancellazione dell\u2019allocuzione:<\/p>\n<p>L\u2019inappropriata espressione in questione \u00e8 \u2013 all\u2019evidenza- inutilmente e grossolanamente volgare e offensiva.\u00a0In difetto di immediata eliminazione della frase, proceder\u00f2 per via giudiziaria alla tutela della Societ\u00e0 mia assistita.<\/p>\n<p>La risposta di Gilioli \u00e8 arrivata subito dopo, tra l\u2019incredulit\u00e0 e l\u2019ironia:<\/p>\n<p>Gentile avvocato, il titolo era solo una battuta un po\u2019 ironica e mi dispiace che la Panda, unanimemente\u00a0definita\u00a0\u201dsimpatica\u201d dai giornali che ne hanno parlato, si sia sentita offesa. Non c\u2019era evidentemente alcun riferimento alla qualit\u00e0 del prodotto.<\/p><\/blockquote>\n<p>&nbsp;<\/p>\n<p>&nbsp;<\/p>\n<p>&nbsp;<\/p>\n","protected":false},"excerpt":{"rendered":"<p>I geni della brand reputation ora mandano in avanscoperta gli avvocati che cos\u00ec combinano disastri senza confini sulla Rete. Complimenti ai geni della comunicazione ed agli uffici legali. Via QP Succede che la\u00a0\u201cpiccola, simpatica, anti-crisi\u201d\u00a0nuova\u00a0Panda\u00a0sia stata costretta a rivolgersi a un avvocato per tutelarsi dalle terribili accuse lanciate contro di lei dal\u00a0giornalista-blogger de l\u2019Espresso Alessandro &#8230; <a title=\"La Panda \u00e8 simpaticamente: l&#8217;incapacit\u00e0 di gestire le PR online di Fiat\" class=\"read-more\" href=\"https:\/\/www.pasteris.it\/blog\/2012\/01\/31\/la-panda-e-simpaticamente-lincapacita-di-gestire-le-pr-online-di-fiat\/\" aria-label=\"Per saperne di pi\u00f9 su La Panda \u00e8 simpaticamente: l&#8217;incapacit\u00e0 di gestire le PR online di Fiat\">Leggi tutto<\/a><\/p>\n","protected":false},"author":3,"featured_media":0,"comment_status":"open","ping_status":"open","sticky":false,"template":"","format":"standard","meta":{"footnotes":""},"categories":[6,32,14],"tags":[131,1839,1838],"class_list":["post-28264","post","type-post","status-publish","format-standard","hentry","category-internet","category-pensieri","category-torino","tag-fiat","tag-online-internet","tag-reputazione"],"_links":{"self":[{"href":"https:\/\/www.pasteris.it\/blog\/wp-json\/wp\/v2\/posts\/28264","targetHints":{"allow":["GET"]}}],"collection":[{"href":"https:\/\/www.pasteris.it\/blog\/wp-json\/wp\/v2\/posts"}],"about":[{"href":"https:\/\/www.pasteris.it\/blog\/wp-json\/wp\/v2\/types\/post"}],"author":[{"embeddable":true,"href":"https:\/\/www.pasteris.it\/blog\/wp-json\/wp\/v2\/users\/3"}],"replies":[{"embeddable":true,"href":"https:\/\/www.pasteris.it\/blog\/wp-json\/wp\/v2\/comments?post=28264"}],"version-history":[{"count":2,"href":"https:\/\/www.pasteris.it\/blog\/wp-json\/wp\/v2\/posts\/28264\/revisions"}],"predecessor-version":[{"id":28266,"href":"https:\/\/www.pasteris.it\/blog\/wp-json\/wp\/v2\/posts\/28264\/revisions\/28266"}],"wp:attachment":[{"href":"https:\/\/www.pasteris.it\/blog\/wp-json\/wp\/v2\/media?parent=28264"}],"wp:term":[{"taxonomy":"category","embeddable":true,"href":"https:\/\/www.pasteris.it\/blog\/wp-json\/wp\/v2\/categories?post=28264"},{"taxonomy":"post_tag","embeddable":true,"href":"https:\/\/www.pasteris.it\/blog\/wp-json\/wp\/v2\/tags?post=28264"}],"curies":[{"name":"wp","href":"https:\/\/api.w.org\/{rel}","templated":true}]}}