{"id":28365,"date":"2012-02-15T07:39:35","date_gmt":"2012-02-15T06:39:35","guid":{"rendered":"http:\/\/www.pasteris.it\/blog\/?p=28365"},"modified":"2012-02-17T15:27:14","modified_gmt":"2012-02-17T14:27:14","slug":"lipod-3-o-4-che-verra","status":"publish","type":"post","link":"https:\/\/www.pasteris.it\/blog\/2012\/02\/15\/lipod-3-o-4-che-verra\/","title":{"rendered":"L&#8217;Ipod 3 o 4 che verr\u00e0"},"content":{"rendered":"<p><a href=\"http:\/\/vitadigitale.corriere.it\/2012\/02\/14\/ipad-3-o-4g-in-arrivo-a-inizio-marzo\/\" target=\"_blank\">Federico Cella sul Corriere<\/a> parla dei futuri Ipad di Apple<\/p>\n<blockquote><p>Dopo mesi e mesi di rumors di ogni genere, ritrovamenti di scocche, di bottoni (pezzi ritrovati in perdute fabbriche cinesi, ora messe sotto indagine. Ma per motivi legati ai diritti dei lavoratori) e di quant\u2019altro potesse stuzzicare la curiosit\u00e0 degli Apple fan, famiglia ormai allargata all\u2019inverosimile, \u00e8 arrivato il tradizionale momento in cui le \u201csoffiate\u201d sull\u2019ultimo prodotto della Mela iniziano a farsi pressanti e a invadere le prime pagine dei siti di news che contano. \u00c8 il segno che il prodotto in questione sta effettivamente per uscire. Parliamo dell\u2019iPad 3, o 2s o, come si dice ora, 4G. E dunque \u00e8 arrivato il momento di far salire le attese, peraltro gi\u00e0 alte come accade ormai dal 2008, cio\u00e8 dal lancio del secondo iPhone, a oggi. Ecco allora il Wall Street Journal che racconta di come una persona ben informata dei fatti \u2013 ma che non ha voluto rivelare il nome (ed Apple non ha rilasciato nessun commento: il solito copione) \u2013 ha detto che l\u2019azienda di Cupertino riveler\u00e0 la nuova tavoletta all\u2019inizio di marzo. <!--more-->Proseguendo quindi sulle \u201cindiscrezioni con fondamento\u201d, il nuovo iPad avr\u00e0 uno schermo con una risoluzione pi\u00f9 elevata rispetto al 2 (si parlava di \u201cretina display\u201d in stile iPhone 4), e con connettivit\u00e0 4G proposta negli Usa da Verizon e AT&amp;T.<\/p>\n<p>La notizia forse pi\u00f9 gustosa per\u00f2 \u00e8 legata a un\u2019altra \u201cindiscrezione fondata\u201d raccolta dal Wsj, ossia il fatto che Apple stia lavorando a una tavoletta con schermo sensibilmente pi\u00f9 piccolo rispetto ai 9,7 pollici dell\u2019attuale iPad. Manager anonimi di alcune aziende che lavorano con Apple \u2013 quelle di cui sopra \u2013 hanno raccontato di come a Cupertino si stiano facendo delle prove con diversi partner (tra cui Lg) per realizzare un mini-iPad con schermo da 8\u201d. I test sarebbero gi\u00e0 avanzati e lo scopo ovviamente sarebbe quello di proporre una competizione pi\u00f9 agguerrita ai modelli con Android, che hanno una scelta diversificata per dimensioni dello schermo, in particolare il rivale pi\u00f9 agguerrito degli ultimi tempi, Samsung, i cui modelli vanno dai 7\u201d ai 10,1\u201d. Alla fine Apple potrebbe decidere di non procedere con questo nuovo modello \u2013 che avrebbe una risoluzione simile all\u2019attuale iPad 2 \u2013 per\u00f2 \u00e8 senz\u2019altro da considerare come il principale oppositore alla produzione di un iPad con schermo pi\u00f9 piccolo fosse proprio Steve Jobs.<\/p><\/blockquote>\n","protected":false},"excerpt":{"rendered":"<p>Federico Cella sul Corriere parla dei futuri Ipad di Apple Dopo mesi e mesi di rumors di ogni genere, ritrovamenti di scocche, di bottoni (pezzi ritrovati in perdute fabbriche cinesi, ora messe sotto indagine. Ma per motivi legati ai diritti dei lavoratori) e di quant\u2019altro potesse stuzzicare la curiosit\u00e0 degli Apple fan, famiglia ormai allargata &#8230; <a title=\"L&#8217;Ipod 3 o 4 che verr\u00e0\" class=\"read-more\" href=\"https:\/\/www.pasteris.it\/blog\/2012\/02\/15\/lipod-3-o-4-che-verra\/\" aria-label=\"Per saperne di pi\u00f9 su L&#8217;Ipod 3 o 4 che verr\u00e0\">Leggi tutto<\/a><\/p>\n","protected":false},"author":4,"featured_media":0,"comment_status":"open","ping_status":"open","sticky":false,"template":"","format":"standard","meta":{"footnotes":""},"categories":[33,15],"tags":[50,56,1236,1029],"class_list":["post-28365","post","type-post","status-publish","format-standard","hentry","category-computer","category-mobile","tag-android","tag-apple","tag-ipad","tag-tablet"],"_links":{"self":[{"href":"https:\/\/www.pasteris.it\/blog\/wp-json\/wp\/v2\/posts\/28365","targetHints":{"allow":["GET"]}}],"collection":[{"href":"https:\/\/www.pasteris.it\/blog\/wp-json\/wp\/v2\/posts"}],"about":[{"href":"https:\/\/www.pasteris.it\/blog\/wp-json\/wp\/v2\/types\/post"}],"author":[{"embeddable":true,"href":"https:\/\/www.pasteris.it\/blog\/wp-json\/wp\/v2\/users\/4"}],"replies":[{"embeddable":true,"href":"https:\/\/www.pasteris.it\/blog\/wp-json\/wp\/v2\/comments?post=28365"}],"version-history":[{"count":3,"href":"https:\/\/www.pasteris.it\/blog\/wp-json\/wp\/v2\/posts\/28365\/revisions"}],"predecessor-version":[{"id":28367,"href":"https:\/\/www.pasteris.it\/blog\/wp-json\/wp\/v2\/posts\/28365\/revisions\/28367"}],"wp:attachment":[{"href":"https:\/\/www.pasteris.it\/blog\/wp-json\/wp\/v2\/media?parent=28365"}],"wp:term":[{"taxonomy":"category","embeddable":true,"href":"https:\/\/www.pasteris.it\/blog\/wp-json\/wp\/v2\/categories?post=28365"},{"taxonomy":"post_tag","embeddable":true,"href":"https:\/\/www.pasteris.it\/blog\/wp-json\/wp\/v2\/tags?post=28365"}],"curies":[{"name":"wp","href":"https:\/\/api.w.org\/{rel}","templated":true}]}}