{"id":28375,"date":"2012-02-15T17:57:18","date_gmt":"2012-02-15T16:57:18","guid":{"rendered":"http:\/\/www.pasteris.it\/blog\/?p=28375"},"modified":"2012-02-16T08:24:19","modified_gmt":"2012-02-16T07:24:19","slug":"obituary-mauro-gasparini","status":"publish","type":"post","link":"https:\/\/www.pasteris.it\/blog\/2012\/02\/15\/obituary-mauro-gasparini\/","title":{"rendered":"Obituary: Mauro Gasparini"},"content":{"rendered":"<p>E&#8217; morto <a href=\"http:\/\/maurogasparini.it\/\" target=\"_blank\">Mauro Gasparini:<\/a> un grande uomo che ha insegnato tanto a tantissimi<\/p>\n<p><a href=\"https:\/\/www.facebook.com\/mauro.gasparini1\" target=\"_blank\">Qui<\/a> molti lo ricordano<\/p>\n<p><img loading=\"lazy\" decoding=\"async\" class=\"alignnone\" title=\"Mauro Gasparini\" src=\"http:\/\/www.mantellini.it\/wp-content\/uploads\/2012\/02\/Schermata-02-2455971-alle-20.26.11.jpg\" alt=\"\" width=\"416\" height=\"286\" \/><\/p>\n<p>Quando muore\u00a0 una persona come Mauro si vive un lungo periodo di incredulit\u00e0 perch\u00e8 non si riesce a credere che una persona con l&#8217;umanit\u00e0 e la vitalit\u00e0 incredibile di Mauro possa essersi improvvisamente spento. Ciao Mauro, continua il tuo viaggio, siamo con te, ma ci mancherai<\/p>\n","protected":false},"excerpt":{"rendered":"<p>E&#8217; morto Mauro Gasparini: un grande uomo che ha insegnato tanto a tantissimi Qui molti lo ricordano Quando muore\u00a0 una persona come Mauro si vive un lungo periodo di incredulit\u00e0 perch\u00e8 non si riesce a credere che una persona con l&#8217;umanit\u00e0 e la vitalit\u00e0 incredibile di Mauro possa essersi improvvisamente spento. Ciao Mauro, continua il &#8230; <a title=\"Obituary: Mauro Gasparini\" class=\"read-more\" href=\"https:\/\/www.pasteris.it\/blog\/2012\/02\/15\/obituary-mauro-gasparini\/\" aria-label=\"Per saperne di pi\u00f9 su Obituary: Mauro Gasparini\">Leggi tutto<\/a><\/p>\n","protected":false},"author":4,"featured_media":0,"comment_status":"open","ping_status":"open","sticky":false,"template":"","format":"standard","meta":{"footnotes":""},"categories":[10,1,32],"tags":[2157,1020,1853],"class_list":["post-28375","post","type-post","status-publish","format-standard","hentry","category-blog","category-politica","category-pensieri","tag-blog","tag-letteratura","tag-scrittori"],"_links":{"self":[{"href":"https:\/\/www.pasteris.it\/blog\/wp-json\/wp\/v2\/posts\/28375","targetHints":{"allow":["GET"]}}],"collection":[{"href":"https:\/\/www.pasteris.it\/blog\/wp-json\/wp\/v2\/posts"}],"about":[{"href":"https:\/\/www.pasteris.it\/blog\/wp-json\/wp\/v2\/types\/post"}],"author":[{"embeddable":true,"href":"https:\/\/www.pasteris.it\/blog\/wp-json\/wp\/v2\/users\/4"}],"replies":[{"embeddable":true,"href":"https:\/\/www.pasteris.it\/blog\/wp-json\/wp\/v2\/comments?post=28375"}],"version-history":[{"count":4,"href":"https:\/\/www.pasteris.it\/blog\/wp-json\/wp\/v2\/posts\/28375\/revisions"}],"predecessor-version":[{"id":28378,"href":"https:\/\/www.pasteris.it\/blog\/wp-json\/wp\/v2\/posts\/28375\/revisions\/28378"}],"wp:attachment":[{"href":"https:\/\/www.pasteris.it\/blog\/wp-json\/wp\/v2\/media?parent=28375"}],"wp:term":[{"taxonomy":"category","embeddable":true,"href":"https:\/\/www.pasteris.it\/blog\/wp-json\/wp\/v2\/categories?post=28375"},{"taxonomy":"post_tag","embeddable":true,"href":"https:\/\/www.pasteris.it\/blog\/wp-json\/wp\/v2\/tags?post=28375"}],"curies":[{"name":"wp","href":"https:\/\/api.w.org\/{rel}","templated":true}]}}