{"id":2850,"date":"2008-01-10T20:26:15","date_gmt":"2008-01-10T18:26:15","guid":{"rendered":"http:\/\/www.pasteris.it\/blog\/2008\/01\/10\/grillo-e-i-blogger\/"},"modified":"2008-01-10T20:26:15","modified_gmt":"2008-01-10T18:26:15","slug":"grillo-e-i-blogger","status":"publish","type":"post","link":"https:\/\/www.pasteris.it\/blog\/2008\/01\/10\/grillo-e-i-blogger\/","title":{"rendered":"Grillo e i blogger"},"content":{"rendered":"<p>Via <a href=\"http:\/\/www.pandemia.info\/2008\/01\/09\/giornalisti_per_favore_non_con.html\">Pandemia<\/a><\/p>\n<p>Purtroppo la semplificazione Beppe Grillo = blogger non \u00e8 una fantasia ma \u00e8 realt\u00e0, testimoniata anche da recenti <a href=\"http:\/\/www.pandemia.info\/comments\/1740779\">articoli<\/a> (vedi commenti) apparsi sulla stampa quotidiana. Equiparare Grillo alla blogosfera \u00e8 un errore, dal mio punto di vista, non per snobismo verso Grillo, di cui per altro condivido molti contenuti ma non il modo di fare, ma perch\u00e9 il suo blog non \u00e8 molto diverso dalla comunicazione uno a molti dei grandi media. David Grossman l&#8217;ha spiegato meglio di me, parlando di <a href=\"http:\/\/www.lucaconti.it\/2007\/09\/12\/grillo-e-i-mass-media-prostituzione-emotiva\/\">prostituzione emotiva<\/a>.<\/p>\n","protected":false},"excerpt":{"rendered":"<p>Via Pandemia Purtroppo la semplificazione Beppe Grillo = blogger non \u00e8 una fantasia ma \u00e8 realt\u00e0, testimoniata anche da recenti articoli (vedi commenti) apparsi sulla stampa quotidiana. Equiparare Grillo alla blogosfera \u00e8 un errore, dal mio punto di vista, non per snobismo verso Grillo, di cui per altro condivido molti contenuti ma non il modo &#8230; <a title=\"Grillo e i blogger\" class=\"read-more\" href=\"https:\/\/www.pasteris.it\/blog\/2008\/01\/10\/grillo-e-i-blogger\/\" aria-label=\"Per saperne di pi\u00f9 su Grillo e i blogger\">Leggi tutto<\/a><\/p>\n","protected":false},"author":4,"featured_media":0,"comment_status":"open","ping_status":"open","sticky":false,"template":"","format":"standard","meta":{"footnotes":""},"categories":[],"tags":[2157,77,80,159,161,2168],"class_list":["post-2850","post","type-post","status-publish","format-standard","hentry","tag-blog","tag-blogger","tag-blogosfera","tag-giornali","tag-giornalisti","tag-media"],"_links":{"self":[{"href":"https:\/\/www.pasteris.it\/blog\/wp-json\/wp\/v2\/posts\/2850","targetHints":{"allow":["GET"]}}],"collection":[{"href":"https:\/\/www.pasteris.it\/blog\/wp-json\/wp\/v2\/posts"}],"about":[{"href":"https:\/\/www.pasteris.it\/blog\/wp-json\/wp\/v2\/types\/post"}],"author":[{"embeddable":true,"href":"https:\/\/www.pasteris.it\/blog\/wp-json\/wp\/v2\/users\/4"}],"replies":[{"embeddable":true,"href":"https:\/\/www.pasteris.it\/blog\/wp-json\/wp\/v2\/comments?post=2850"}],"version-history":[{"count":0,"href":"https:\/\/www.pasteris.it\/blog\/wp-json\/wp\/v2\/posts\/2850\/revisions"}],"wp:attachment":[{"href":"https:\/\/www.pasteris.it\/blog\/wp-json\/wp\/v2\/media?parent=2850"}],"wp:term":[{"taxonomy":"category","embeddable":true,"href":"https:\/\/www.pasteris.it\/blog\/wp-json\/wp\/v2\/categories?post=2850"},{"taxonomy":"post_tag","embeddable":true,"href":"https:\/\/www.pasteris.it\/blog\/wp-json\/wp\/v2\/tags?post=2850"}],"curies":[{"name":"wp","href":"https:\/\/api.w.org\/{rel}","templated":true}]}}