{"id":28592,"date":"2012-03-19T04:49:03","date_gmt":"2012-03-19T03:49:03","guid":{"rendered":"http:\/\/www.pasteris.it\/blog\/?p=28592"},"modified":"2012-03-19T04:49:03","modified_gmt":"2012-03-19T03:49:03","slug":"apple-ha-un-problema-non-sa-dove-investire-100-miliardi-di-dollari","status":"publish","type":"post","link":"https:\/\/www.pasteris.it\/blog\/2012\/03\/19\/apple-ha-un-problema-non-sa-dove-investire-100-miliardi-di-dollari\/","title":{"rendered":"Apple ha un problema: non sa dove investire 100 miliardi di dollari"},"content":{"rendered":"<p><a href=\"http:\/\/rampini.blogautore.repubblica.it\/2012\/03\/19\/incredibile-apple-oggi-si-decide-a-investire-quei-100-miliardi-di-troppo\/\" target=\"_blank\">Fedrico Rampini su Repubblica.it<\/a><\/p>\n<blockquote><p>Grande attesa per la conference call che Apple terr\u00e0 oggi: dovr\u00e0 sciogliere un dilemma unico nella storia del capitalismo, che fare con 100 miliardi di liquidit\u00e0 che ha accumulato in cassa e non riesce a investire. Circostanza eccezionale in s\u00e9, perch\u00e9 nonostante il getto continuo di innovazioni (che sono il frutto di massicci e costanti investimenti in ricerca e sviluppo) Apple fa davvero troppi profitti e non riesce a decidere dove metterli.<br \/>\nAncora pi\u00f9 singolare \u00e8 il dibattito collettivo che si \u00e8 aperto: dai blog specializzati alle sezioni economiche dei giornali, da tempo \u00e8 in corso una sorta di sondaggio tra gli azionisti e gli appassionati di Apple, ciascuno dei quali fa le sue proposte: reinvestire nella produzione manifatturiera americana, rimpatriando le fabbriche dalla Cina, \u00e8 una delle pi\u00f9 popolari.<!--more--><br \/>\n100 miliardi \u201ccash\u201d da investire subito sono proprio tanti, valgono pi\u00f9 della capitalizzazione di Borsa di 50 grandi societ\u00e0 quotate. Pensare quante \u201cmanovre per la crescita\u201d potrebbero valere in un paese di medie dimensioni come l\u2019Italia, se soltanto fosse appetibile come destinazione d\u2019investimenti per Apple\u2026<\/p><\/blockquote>\n","protected":false},"excerpt":{"rendered":"<p>Fedrico Rampini su Repubblica.it Grande attesa per la conference call che Apple terr\u00e0 oggi: dovr\u00e0 sciogliere un dilemma unico nella storia del capitalismo, che fare con 100 miliardi di liquidit\u00e0 che ha accumulato in cassa e non riesce a investire. Circostanza eccezionale in s\u00e9, perch\u00e9 nonostante il getto continuo di innovazioni (che sono il frutto &#8230; <a title=\"Apple ha un problema: non sa dove investire 100 miliardi di dollari\" class=\"read-more\" href=\"https:\/\/www.pasteris.it\/blog\/2012\/03\/19\/apple-ha-un-problema-non-sa-dove-investire-100-miliardi-di-dollari\/\" aria-label=\"Per saperne di pi\u00f9 su Apple ha un problema: non sa dove investire 100 miliardi di dollari\">Leggi tutto<\/a><\/p>\n","protected":false},"author":3,"featured_media":0,"comment_status":"open","ping_status":"open","sticky":false,"template":"","format":"standard","meta":{"footnotes":""},"categories":[33,17,15],"tags":[56],"class_list":["post-28592","post","type-post","status-publish","format-standard","hentry","category-computer","category-economia","category-mobile","tag-apple"],"_links":{"self":[{"href":"https:\/\/www.pasteris.it\/blog\/wp-json\/wp\/v2\/posts\/28592","targetHints":{"allow":["GET"]}}],"collection":[{"href":"https:\/\/www.pasteris.it\/blog\/wp-json\/wp\/v2\/posts"}],"about":[{"href":"https:\/\/www.pasteris.it\/blog\/wp-json\/wp\/v2\/types\/post"}],"author":[{"embeddable":true,"href":"https:\/\/www.pasteris.it\/blog\/wp-json\/wp\/v2\/users\/3"}],"replies":[{"embeddable":true,"href":"https:\/\/www.pasteris.it\/blog\/wp-json\/wp\/v2\/comments?post=28592"}],"version-history":[{"count":2,"href":"https:\/\/www.pasteris.it\/blog\/wp-json\/wp\/v2\/posts\/28592\/revisions"}],"predecessor-version":[{"id":28594,"href":"https:\/\/www.pasteris.it\/blog\/wp-json\/wp\/v2\/posts\/28592\/revisions\/28594"}],"wp:attachment":[{"href":"https:\/\/www.pasteris.it\/blog\/wp-json\/wp\/v2\/media?parent=28592"}],"wp:term":[{"taxonomy":"category","embeddable":true,"href":"https:\/\/www.pasteris.it\/blog\/wp-json\/wp\/v2\/categories?post=28592"},{"taxonomy":"post_tag","embeddable":true,"href":"https:\/\/www.pasteris.it\/blog\/wp-json\/wp\/v2\/tags?post=28592"}],"curies":[{"name":"wp","href":"https:\/\/api.w.org\/{rel}","templated":true}]}}