{"id":28711,"date":"2012-04-06T13:54:10","date_gmt":"2012-04-06T11:54:10","guid":{"rendered":"http:\/\/www.pasteris.it\/blog\/?p=28711"},"modified":"2012-04-06T13:54:10","modified_gmt":"2012-04-06T11:54:10","slug":"il-mercato-spera-unopa-per-rcs","status":"publish","type":"post","link":"https:\/\/www.pasteris.it\/blog\/2012\/04\/06\/il-mercato-spera-unopa-per-rcs\/","title":{"rendered":"Il mercato spera un&#8217;Opa per Rcs"},"content":{"rendered":"<p><a href=\"http:\/\/www.linkiesta.it\/rcs-fa-20-john-elkann-fa-finta-di-non-sapere-che-il-mercato-spera-un-opa\" target=\"_blank\">Via Linkiesta<\/a><\/p>\n<blockquote><p>Giorni agitati, in Rcs. Della Valle attacca sulla malagestione e sulla distanza dalle logiche imprenditoriali? John Elkann risponde indicando il balzo (+20%) che il titolo RCS ha fatto ieri in borsa: \u201cIl segnale che viene dal mercato \u00e8 positivo e ci incoraggia a proseguire nella strada che abbiamo intrapreso\u201d. Si sbaglia di grosso, o fa finta di sbagliarsi.<br \/>\nIl mercato ha reagito positivamente a un\u2019ipotesi &#8211; quella di un\u2019Offerta pubblica di acquisto &#8211; che nascerebbe proprio per rispondere, sul mercato, alla \u201cstrada intrapresa\u201d da Elkann e gli altri. \u00c8 la strada di un Cda debole, espressione del classico capitalismo di relazione e che perde sempre di vista il mercato editoriale e il mondo che cambiano. \u00a0Un pasticcio di cui anche Mediobanca non dovrebbe essere molto contenta, come prima azionista di Rcs, se non fosse la stessa Mediobanca che gi\u00e0 sta bruciando passo a passo la credibilit\u00e0 costruita in 40 anni giocando malamente sui tavoli delle partecipazioni: ieri Ligresti, oggi Rcs, domani &#8211; chiss\u00e0 &#8211; Generali. Come uscirne? Ci vorrebbe davvero un\u2019opa.\u00a0Diego Della Valle passi dalle parole ai fatti e lanci un OPA in modo da inchiodare tutti i pattisti alle loro responsabilit\u00e0 in caso non vi aderissero. Ne ha i mezzi finanziari e le capacit\u00e0. A Rcs e al paese far\u00e0 bene vederle alla prova dei fatti.<\/p><\/blockquote>\n","protected":false},"excerpt":{"rendered":"<p>Via Linkiesta Giorni agitati, in Rcs. Della Valle attacca sulla malagestione e sulla distanza dalle logiche imprenditoriali? John Elkann risponde indicando il balzo (+20%) che il titolo RCS ha fatto ieri in borsa: \u201cIl segnale che viene dal mercato \u00e8 positivo e ci incoraggia a proseguire nella strada che abbiamo intrapreso\u201d. Si sbaglia di grosso, &#8230; <a title=\"Il mercato spera un&#8217;Opa per Rcs\" class=\"read-more\" href=\"https:\/\/www.pasteris.it\/blog\/2012\/04\/06\/il-mercato-spera-unopa-per-rcs\/\" aria-label=\"Per saperne di pi\u00f9 su Il mercato spera un&#8217;Opa per Rcs\">Leggi tutto<\/a><\/p>\n","protected":false},"author":3,"featured_media":0,"comment_status":"open","ping_status":"open","sticky":false,"template":"","format":"standard","meta":{"footnotes":""},"categories":[30,31],"tags":[1877,1876,1521,584],"class_list":["post-28711","post","type-post","status-publish","format-standard","hentry","category-media","category-mondo","tag-della-valle","tag-elkann","tag-linkiesta","tag-rcs"],"_links":{"self":[{"href":"https:\/\/www.pasteris.it\/blog\/wp-json\/wp\/v2\/posts\/28711","targetHints":{"allow":["GET"]}}],"collection":[{"href":"https:\/\/www.pasteris.it\/blog\/wp-json\/wp\/v2\/posts"}],"about":[{"href":"https:\/\/www.pasteris.it\/blog\/wp-json\/wp\/v2\/types\/post"}],"author":[{"embeddable":true,"href":"https:\/\/www.pasteris.it\/blog\/wp-json\/wp\/v2\/users\/3"}],"replies":[{"embeddable":true,"href":"https:\/\/www.pasteris.it\/blog\/wp-json\/wp\/v2\/comments?post=28711"}],"version-history":[{"count":2,"href":"https:\/\/www.pasteris.it\/blog\/wp-json\/wp\/v2\/posts\/28711\/revisions"}],"predecessor-version":[{"id":28713,"href":"https:\/\/www.pasteris.it\/blog\/wp-json\/wp\/v2\/posts\/28711\/revisions\/28713"}],"wp:attachment":[{"href":"https:\/\/www.pasteris.it\/blog\/wp-json\/wp\/v2\/media?parent=28711"}],"wp:term":[{"taxonomy":"category","embeddable":true,"href":"https:\/\/www.pasteris.it\/blog\/wp-json\/wp\/v2\/categories?post=28711"},{"taxonomy":"post_tag","embeddable":true,"href":"https:\/\/www.pasteris.it\/blog\/wp-json\/wp\/v2\/tags?post=28711"}],"curies":[{"name":"wp","href":"https:\/\/api.w.org\/{rel}","templated":true}]}}