{"id":28731,"date":"2012-04-10T08:34:09","date_gmt":"2012-04-10T06:34:09","guid":{"rendered":"http:\/\/www.pasteris.it\/blog\/?p=28731"},"modified":"2012-04-10T08:34:09","modified_gmt":"2012-04-10T06:34:09","slug":"obituary-miriam-maffai","status":"publish","type":"post","link":"https:\/\/www.pasteris.it\/blog\/2012\/04\/10\/obituary-miriam-maffai\/","title":{"rendered":"Obituary: Miriam Maffai"},"content":{"rendered":"<p>Ci mancher\u00e0 la sua capacit\u00e0 di analisi critica dei bubboni italiani e della sinistra in particolare.<\/p>\n<p><a href=\"http:\/\/www.repubblica.it\/persone\/2012\/04\/09\/news\/miriam_mafai-32794459\/?ref=HRER3-1\" target=\"_blank\">Si \u00e8 spenta a Roma<\/a> la giornalista e scrittrice Miriam Mafai. Aveva 86 anni. Era una delle firme pi\u00f9 prestigiose del giornalismo italiano. Attenta osservatrice dei cambiamenti della politica e della societ\u00e0 del nostro Paese, fotografati e analizzati con un&#8217;ampia produzione saggistica, Mafai aveva contribuito alla nascita di <em>Repubblica <\/em>e per il quotidiano, per decenni, ha svolto un&#8217;intensa attivit\u00e0 di editorialista, inviato, cronista politico, diventandone una delle colonne portanti, grande testimone di quasi un secolo di vita italiana.<\/p>\n","protected":false},"excerpt":{"rendered":"<p>Ci mancher\u00e0 la sua capacit\u00e0 di analisi critica dei bubboni italiani e della sinistra in particolare. Si \u00e8 spenta a Roma la giornalista e scrittrice Miriam Mafai. Aveva 86 anni. Era una delle firme pi\u00f9 prestigiose del giornalismo italiano. Attenta osservatrice dei cambiamenti della politica e della societ\u00e0 del nostro Paese, fotografati e analizzati con &#8230; <a title=\"Obituary: Miriam Maffai\" class=\"read-more\" href=\"https:\/\/www.pasteris.it\/blog\/2012\/04\/10\/obituary-miriam-maffai\/\" aria-label=\"Per saperne di pi\u00f9 su Obituary: Miriam Maffai\">Leggi tutto<\/a><\/p>\n","protected":false},"author":3,"featured_media":0,"comment_status":"open","ping_status":"open","sticky":false,"template":"","format":"standard","meta":{"footnotes":""},"categories":[1,30],"tags":[161],"class_list":["post-28731","post","type-post","status-publish","format-standard","hentry","category-politica","category-media","tag-giornalisti"],"_links":{"self":[{"href":"https:\/\/www.pasteris.it\/blog\/wp-json\/wp\/v2\/posts\/28731","targetHints":{"allow":["GET"]}}],"collection":[{"href":"https:\/\/www.pasteris.it\/blog\/wp-json\/wp\/v2\/posts"}],"about":[{"href":"https:\/\/www.pasteris.it\/blog\/wp-json\/wp\/v2\/types\/post"}],"author":[{"embeddable":true,"href":"https:\/\/www.pasteris.it\/blog\/wp-json\/wp\/v2\/users\/3"}],"replies":[{"embeddable":true,"href":"https:\/\/www.pasteris.it\/blog\/wp-json\/wp\/v2\/comments?post=28731"}],"version-history":[{"count":2,"href":"https:\/\/www.pasteris.it\/blog\/wp-json\/wp\/v2\/posts\/28731\/revisions"}],"predecessor-version":[{"id":28733,"href":"https:\/\/www.pasteris.it\/blog\/wp-json\/wp\/v2\/posts\/28731\/revisions\/28733"}],"wp:attachment":[{"href":"https:\/\/www.pasteris.it\/blog\/wp-json\/wp\/v2\/media?parent=28731"}],"wp:term":[{"taxonomy":"category","embeddable":true,"href":"https:\/\/www.pasteris.it\/blog\/wp-json\/wp\/v2\/categories?post=28731"},{"taxonomy":"post_tag","embeddable":true,"href":"https:\/\/www.pasteris.it\/blog\/wp-json\/wp\/v2\/tags?post=28731"}],"curies":[{"name":"wp","href":"https:\/\/api.w.org\/{rel}","templated":true}]}}