{"id":28764,"date":"2012-04-16T12:46:07","date_gmt":"2012-04-16T10:46:07","guid":{"rendered":"http:\/\/www.pasteris.it\/blog\/?p=28764"},"modified":"2012-04-16T12:46:07","modified_gmt":"2012-04-16T10:46:07","slug":"un-reporter-un-po-troppo-youreporter","status":"publish","type":"post","link":"https:\/\/www.pasteris.it\/blog\/2012\/04\/16\/un-reporter-un-po-troppo-youreporter\/","title":{"rendered":"Un Reporter un po&#8217; troppo YouReporter"},"content":{"rendered":"<p>Youreporter sul lancio di Reporter di Repubblica<\/p>\n<blockquote><p>Anche Repubblica sposa la frontiera del citizen journalism. Non possiamo che compiacercene, segno che YouReporter, la piattaforma di &#8220;giornalismo partecipativo&#8221; per immagini italiana on line dal 2008, ha fatto scuola anche a testate prestigiose.<br \/>\nDobbiamo per\u00f2 prendere atto con rammarico e grande sorpresa che Repubblica.it ha scelto di chiamare il suo sito di citizen journalism con un nome del tutto simile a &#8220;YouReporter&#8221;, cio\u00e8 &#8220;Reporter&#8221;, creando cos\u00ec confusione negli utenti.<br \/>\nReporter potr\u00e0 cos\u00ec avvantaggiarsi nei motori di ricerca e tra il pubblico beneficiando della notorier\u00e0 di YouReporter e della sua community.<br \/>\nPer questi motivi YouReporter ha deciso di incaricare l&#8217;avvocato Luca Bauccio di rivolgersi al tribunale di Roma per chiedere un provvedimento urgente che ponga fine alla dannosa confusione creata dal Gruppo Editoriale l&#8217;Espresso.<br \/>\nYouReporter auspica che Repubblica.it torni sui suoi passi. Liberi, a Repubblica, di promuovere anche loro il citizen journalism ma senza creare un danno irreparabile a chi come YouReporter da anni promuove il &#8220;giornalismo partecipativo&#8221;. Ogni giorno sono migliaia le persone che inviano immagini alla piattaforma per raccontare e diffondere senza filtri e senza appartenenze il proprio punto di vista. Youreporter.it intende continuare a svolgere la propria missione di allargare le fonti di informazione e di conoscenza per un giornalismo indipendente, libero e al servizio degli utenti<\/p><\/blockquote>\n","protected":false},"excerpt":{"rendered":"<p>Youreporter sul lancio di Reporter di Repubblica Anche Repubblica sposa la frontiera del citizen journalism. Non possiamo che compiacercene, segno che YouReporter, la piattaforma di &#8220;giornalismo partecipativo&#8221; per immagini italiana on line dal 2008, ha fatto scuola anche a testate prestigiose. Dobbiamo per\u00f2 prendere atto con rammarico e grande sorpresa che Repubblica.it ha scelto di &#8230; <a title=\"Un Reporter un po&#8217; troppo YouReporter\" class=\"read-more\" href=\"https:\/\/www.pasteris.it\/blog\/2012\/04\/16\/un-reporter-un-po-troppo-youreporter\/\" aria-label=\"Per saperne di pi\u00f9 su Un Reporter un po&#8217; troppo YouReporter\">Leggi tutto<\/a><\/p>\n","protected":false},"author":3,"featured_media":0,"comment_status":"open","ping_status":"open","sticky":false,"template":"","format":"standard","meta":{"footnotes":""},"categories":[1,30,13],"tags":[1886,284,1887],"class_list":["post-28764","post","type-post","status-publish","format-standard","hentry","category-politica","category-media","category-multimedia","tag-reporter","tag-repubblica","tag-youreporter"],"_links":{"self":[{"href":"https:\/\/www.pasteris.it\/blog\/wp-json\/wp\/v2\/posts\/28764","targetHints":{"allow":["GET"]}}],"collection":[{"href":"https:\/\/www.pasteris.it\/blog\/wp-json\/wp\/v2\/posts"}],"about":[{"href":"https:\/\/www.pasteris.it\/blog\/wp-json\/wp\/v2\/types\/post"}],"author":[{"embeddable":true,"href":"https:\/\/www.pasteris.it\/blog\/wp-json\/wp\/v2\/users\/3"}],"replies":[{"embeddable":true,"href":"https:\/\/www.pasteris.it\/blog\/wp-json\/wp\/v2\/comments?post=28764"}],"version-history":[{"count":2,"href":"https:\/\/www.pasteris.it\/blog\/wp-json\/wp\/v2\/posts\/28764\/revisions"}],"predecessor-version":[{"id":28766,"href":"https:\/\/www.pasteris.it\/blog\/wp-json\/wp\/v2\/posts\/28764\/revisions\/28766"}],"wp:attachment":[{"href":"https:\/\/www.pasteris.it\/blog\/wp-json\/wp\/v2\/media?parent=28764"}],"wp:term":[{"taxonomy":"category","embeddable":true,"href":"https:\/\/www.pasteris.it\/blog\/wp-json\/wp\/v2\/categories?post=28764"},{"taxonomy":"post_tag","embeddable":true,"href":"https:\/\/www.pasteris.it\/blog\/wp-json\/wp\/v2\/tags?post=28764"}],"curies":[{"name":"wp","href":"https:\/\/api.w.org\/{rel}","templated":true}]}}