{"id":28807,"date":"2012-04-22T08:44:01","date_gmt":"2012-04-22T06:44:01","guid":{"rendered":"http:\/\/www.pasteris.it\/blog\/?p=28807"},"modified":"2012-04-22T08:44:01","modified_gmt":"2012-04-22T06:44:01","slug":"il-25-aprile-del-giornalismo-italiano-2","status":"publish","type":"post","link":"https:\/\/www.pasteris.it\/blog\/2012\/04\/22\/il-25-aprile-del-giornalismo-italiano-2\/","title":{"rendered":"Il 25 aprile del giornalismo italiano"},"content":{"rendered":"<p><a href=\"http:\/\/www.festivaldelgiornalismo.com\/post\/24404\/\" target=\"_blank\">Dal sito del Festival del Giornalismo<\/a><\/p>\n<blockquote><p>Questo \u00e8 stato l\u2019anno in cui i freelance e i precari sono finalmente diventati protagonisti del dibattito sul lavoro giornalistico in Italia, evidenziando la necessit\u00e0 di porre maggiore attenzione ai diritti dei giornalisti e alla legalit\u00e0 della professione.<\/p>\n<p>A Perugia, in occasione del Festival del Giornalismo si incontreranno per la prima volta, i giornalisti precari nelle loro diverse anime. All\u2019incontro, aperto a tutti i partecipanti al festival, ci saranno i portavoce e rappresentanti dei vari coordinamenti e movimenti di giornalisti precari e freelance italiani. L\u2019obiettivo del meeting \u00e8 di descrivere il mondo professionale e umano in cui si trovano a lavorare i giornalisti freelance italiani, fotografando non solo la realt\u00e0 lavorativa di provenienza ma anche il malessere generale che vive il mondo dell\u2019informazione e del giornalismo in Italia.<!--more--><\/p>\n<p>Il settore giornalistico italiano paga una assenza e una cattiva applicazione di leggi ad hoc, il difficile momento della riforma dell\u2019Ordine dei Giornalisti, l\u2019avvento del giornalismo on line che non trova ancora il giusto riconoscimento economico.<\/p>\n<p>Quali sono le battaglie ancora in corso che non trovano ancora un giusto epilogo? La legge sull\u2019equo compenso, gli accordi contrattuali per i freelance, il problema dei contributi e delle pensioni.<\/p>\n<p>Dall\u2019approvazione della Carta di Firenze sono trascorsi sei mesi. In questo lasso di tempo, quanto \u00e8 diventato operativo il documento? In quali realt\u00e0 \u00e8 stato preso in considerazione? E come viene applicato?<\/p>\n<p>Lo sfruttamento dei giornalisti determina la loro estrema difficolt\u00e0 a lavorare per evitare i ricatti economici e professionali degli editori. Un giornalista sfruttato \u00e8 un giornalista che difficilmente pu\u00f2 disporre di una completa libert\u00e0 professionale per lavorare in totale indipendenza e libert\u00e0. A pagare tutto questo sono poi i cittadini che rischiano di non essere informati correttamente.<\/p><\/blockquote>\n","protected":false},"excerpt":{"rendered":"<p>Dal sito del Festival del Giornalismo Questo \u00e8 stato l\u2019anno in cui i freelance e i precari sono finalmente diventati protagonisti del dibattito sul lavoro giornalistico in Italia, evidenziando la necessit\u00e0 di porre maggiore attenzione ai diritti dei giornalisti e alla legalit\u00e0 della professione. A Perugia, in occasione del Festival del Giornalismo si incontreranno per &#8230; <a title=\"Il 25 aprile del giornalismo italiano\" class=\"read-more\" href=\"https:\/\/www.pasteris.it\/blog\/2012\/04\/22\/il-25-aprile-del-giornalismo-italiano-2\/\" aria-label=\"Per saperne di pi\u00f9 su Il 25 aprile del giornalismo italiano\">Leggi tutto<\/a><\/p>\n","protected":false},"author":3,"featured_media":0,"comment_status":"open","ping_status":"open","sticky":false,"template":"","format":"standard","meta":{"footnotes":""},"categories":[1,30,32],"tags":[652,1893,653,500],"class_list":["post-28807","post","type-post","status-publish","format-standard","hentry","category-politica","category-media","category-pensieri","tag-festival-del-giornalismo","tag-gioralismo","tag-perugia","tag-precari"],"_links":{"self":[{"href":"https:\/\/www.pasteris.it\/blog\/wp-json\/wp\/v2\/posts\/28807","targetHints":{"allow":["GET"]}}],"collection":[{"href":"https:\/\/www.pasteris.it\/blog\/wp-json\/wp\/v2\/posts"}],"about":[{"href":"https:\/\/www.pasteris.it\/blog\/wp-json\/wp\/v2\/types\/post"}],"author":[{"embeddable":true,"href":"https:\/\/www.pasteris.it\/blog\/wp-json\/wp\/v2\/users\/3"}],"replies":[{"embeddable":true,"href":"https:\/\/www.pasteris.it\/blog\/wp-json\/wp\/v2\/comments?post=28807"}],"version-history":[{"count":2,"href":"https:\/\/www.pasteris.it\/blog\/wp-json\/wp\/v2\/posts\/28807\/revisions"}],"predecessor-version":[{"id":28809,"href":"https:\/\/www.pasteris.it\/blog\/wp-json\/wp\/v2\/posts\/28807\/revisions\/28809"}],"wp:attachment":[{"href":"https:\/\/www.pasteris.it\/blog\/wp-json\/wp\/v2\/media?parent=28807"}],"wp:term":[{"taxonomy":"category","embeddable":true,"href":"https:\/\/www.pasteris.it\/blog\/wp-json\/wp\/v2\/categories?post=28807"},{"taxonomy":"post_tag","embeddable":true,"href":"https:\/\/www.pasteris.it\/blog\/wp-json\/wp\/v2\/tags?post=28807"}],"curies":[{"name":"wp","href":"https:\/\/api.w.org\/{rel}","templated":true}]}}