{"id":28827,"date":"2012-04-24T13:10:37","date_gmt":"2012-04-24T11:10:37","guid":{"rendered":"http:\/\/www.pasteris.it\/blog\/?p=28827"},"modified":"2012-04-24T13:10:37","modified_gmt":"2012-04-24T11:10:37","slug":"libero-si-compra-virgilio-ecco-il-super-maxi-gruppo-editoriale-on-line-italiano","status":"publish","type":"post","link":"https:\/\/www.pasteris.it\/blog\/2012\/04\/24\/libero-si-compra-virgilio-ecco-il-super-maxi-gruppo-editoriale-on-line-italiano\/","title":{"rendered":"Libero si compra Virgilio: ecco il super maxi gruppo editoriale on-line italiano"},"content":{"rendered":"<p><a href=\"http:\/\/www.zeusnews.it\/index.php3?ar=stampa&amp;cod=17351\" target=\"_blank\">Via Zeus News<\/a><\/p>\n<blockquote><p>Ormai sembra che i giochi siano fatti: sar\u00e0 l&#8217;ex proprietario di Wind, l&#8217;egiziano Naguib Sawiris, ad acquistare da Telecom Italia la web company Matrix che gestisce il portale Virgilio e il sito dell&#8217;Elenco Abbonati 1254. Il gruppo editoriale L&#8217;Espresso si sarebbe invece dichiarato non interessato.<\/p>\n<p>Sawiris, con la sua Orascom, attualmente gestisce il portale Libero, conservato anche dopo la vendita di Wind. Se l&#8217;acquisizione di Virgilio andasse in porto, nascerebbe un polo italiano del Web con pi\u00f9 di 6 milioni e mezzo di utenti unici e 120 milioni di page view al mese. Rimane tuttavia in forse il futuro lavorativo degli attuali addetti a Matrix, una parte dei quali sono gi\u00e0 stati &#8220;reinternalizzati&#8221; in Telecom Italia negli scorsi mesi, e del servizio 1254. Questo \u00e8 attualmente \u00e8 svolto da personale Telecom sotto la supervisione e il controllo di Matrix, la quale ne gestisce anche la banca dati da cui si ricava l&#8217;elenco telefonico on line e cartaceo.<\/p><\/blockquote>\n","protected":false},"excerpt":{"rendered":"<p>Via Zeus News Ormai sembra che i giochi siano fatti: sar\u00e0 l&#8217;ex proprietario di Wind, l&#8217;egiziano Naguib Sawiris, ad acquistare da Telecom Italia la web company Matrix che gestisce il portale Virgilio e il sito dell&#8217;Elenco Abbonati 1254. Il gruppo editoriale L&#8217;Espresso si sarebbe invece dichiarato non interessato. Sawiris, con la sua Orascom, attualmente gestisce &#8230; <a title=\"Libero si compra Virgilio: ecco il super maxi gruppo editoriale on-line italiano\" class=\"read-more\" href=\"https:\/\/www.pasteris.it\/blog\/2012\/04\/24\/libero-si-compra-virgilio-ecco-il-super-maxi-gruppo-editoriale-on-line-italiano\/\" aria-label=\"Per saperne di pi\u00f9 su Libero si compra Virgilio: ecco il super maxi gruppo editoriale on-line italiano\">Leggi tutto<\/a><\/p>\n","protected":false},"author":3,"featured_media":0,"comment_status":"open","ping_status":"open","sticky":false,"template":"","format":"standard","meta":{"footnotes":""},"categories":[17,6,1,30],"tags":[2155,197,1343,1897],"class_list":["post-28827","post","type-post","status-publish","format-standard","hentry","category-economia","category-internet","category-politica","category-media","tag-internet","tag-libero","tag-online","tag-virgilio"],"_links":{"self":[{"href":"https:\/\/www.pasteris.it\/blog\/wp-json\/wp\/v2\/posts\/28827","targetHints":{"allow":["GET"]}}],"collection":[{"href":"https:\/\/www.pasteris.it\/blog\/wp-json\/wp\/v2\/posts"}],"about":[{"href":"https:\/\/www.pasteris.it\/blog\/wp-json\/wp\/v2\/types\/post"}],"author":[{"embeddable":true,"href":"https:\/\/www.pasteris.it\/blog\/wp-json\/wp\/v2\/users\/3"}],"replies":[{"embeddable":true,"href":"https:\/\/www.pasteris.it\/blog\/wp-json\/wp\/v2\/comments?post=28827"}],"version-history":[{"count":2,"href":"https:\/\/www.pasteris.it\/blog\/wp-json\/wp\/v2\/posts\/28827\/revisions"}],"predecessor-version":[{"id":28829,"href":"https:\/\/www.pasteris.it\/blog\/wp-json\/wp\/v2\/posts\/28827\/revisions\/28829"}],"wp:attachment":[{"href":"https:\/\/www.pasteris.it\/blog\/wp-json\/wp\/v2\/media?parent=28827"}],"wp:term":[{"taxonomy":"category","embeddable":true,"href":"https:\/\/www.pasteris.it\/blog\/wp-json\/wp\/v2\/categories?post=28827"},{"taxonomy":"post_tag","embeddable":true,"href":"https:\/\/www.pasteris.it\/blog\/wp-json\/wp\/v2\/tags?post=28827"}],"curies":[{"name":"wp","href":"https:\/\/api.w.org\/{rel}","templated":true}]}}