{"id":28830,"date":"2012-04-25T08:58:50","date_gmt":"2012-04-25T06:58:50","guid":{"rendered":"http:\/\/www.pasteris.it\/blog\/?p=28830"},"modified":"2012-04-25T09:15:18","modified_gmt":"2012-04-25T07:15:18","slug":"lo-stercoo-delleditoria-italiana-viene-piano-piano-a-galla","status":"publish","type":"post","link":"https:\/\/www.pasteris.it\/blog\/2012\/04\/25\/lo-stercoo-delleditoria-italiana-viene-piano-piano-a-galla\/","title":{"rendered":"Lo sterco dell&#8217;editoria italiana viene piano piano a galla"},"content":{"rendered":"<p><a href=\"http:\/\/www.dagospia.com\/rubrica-2\/media_e_tv\/caltagirone-infernale-mail-di-frank-cimini-ex-mattino-a-soli-2-anni-dall-ultimo-38235.htm\" target=\"_blank\">Via Dagospia<\/a><\/p>\n<blockquote><p>A soli 2 anni dall&#8217;ultimo stato di crisi Francesco Gaetano Caltagirone, l&#8217;uomo pi\u00f9 liquido d&#8217;Italia, si appresta a farne un altro nei suoi giornali, dove non investe un euro ma attraverso i suoi manager punta solo a tagliare posti di lavoro. Il progetto \u00e8 di prepensionare 12 giornalisti a Il Mattino e 28 al Messaggero.<\/p>\n<p>L&#8217;autorizzazione del governo arriver\u00e0 sicuramente, mai da oltre 20 anni in qua un esecutivo ha negato l&#8217;ok allo stato di crisi di un giornale. E&#8217; un mood per legare ancora di pi\u00f9 i giornali e i giornalisti al potere politico. La tragedia per\u00f2 \u00e8 che l&#8217;Inpgi depauperata da queste operazioni e sull&#8217;orlo del collasso, il sindacato Fnsi, l&#8217;Ordine di una categoria ormai ultraprecarizzata tacciono.<\/p>\n<p>E gli editori, Caltariccone in testa, continuano a ristrutturare le aziende con soldi pubblici per pagare la cassa integrazione e soldi dei dipendenti, come i quattrini dell&#8217;istituto di previdenza. La strumentalit\u00e0 di questi stati di crisi \u00e8 evidente a tutti, ma la dormita \u00e8 generale, il silenzio dilaga. E poi si fanno i convegni sul libero mercato, l&#8217;autonomia e l&#8217;indipendenza della stampa. &#8220;Chiacchiere e tabacchere e legno banco e Napule nun ne &#8216;mpegna&#8221;. Il Calta diventa sempre pi\u00f9 ricco. Amen. Frank Cimini<\/p>\n<p>P.S. Ricordo che sono una delle vittime del precedente stato di crisi a &#8220;Il Mattino&#8221;, licenziato dopo 23 anni attraverso un finto trasferimento da Milano a Portici, nell&#8217;ambito di una operazione colma di irregolarit\u00e0 in cui alcuni amici degli amici furono salvati.<\/p><\/blockquote>\n<p><strong><br \/>\n<\/strong><\/p>\n","protected":false},"excerpt":{"rendered":"<p>Via Dagospia A soli 2 anni dall&#8217;ultimo stato di crisi Francesco Gaetano Caltagirone, l&#8217;uomo pi\u00f9 liquido d&#8217;Italia, si appresta a farne un altro nei suoi giornali, dove non investe un euro ma attraverso i suoi manager punta solo a tagliare posti di lavoro. Il progetto \u00e8 di prepensionare 12 giornalisti a Il Mattino e 28 &#8230; <a title=\"Lo sterco dell&#8217;editoria italiana viene piano piano a galla\" class=\"read-more\" href=\"https:\/\/www.pasteris.it\/blog\/2012\/04\/25\/lo-stercoo-delleditoria-italiana-viene-piano-piano-a-galla\/\" aria-label=\"Per saperne di pi\u00f9 su Lo sterco dell&#8217;editoria italiana viene piano piano a galla\">Leggi tutto<\/a><\/p>\n","protected":false},"author":3,"featured_media":0,"comment_status":"open","ping_status":"open","sticky":false,"template":"","format":"standard","meta":{"footnotes":""},"categories":[17,1,30],"tags":[160,61],"class_list":["post-28830","post","type-post","status-publish","format-standard","hentry","category-economia","category-politica","category-media","tag-giornalismo","tag-italia"],"_links":{"self":[{"href":"https:\/\/www.pasteris.it\/blog\/wp-json\/wp\/v2\/posts\/28830","targetHints":{"allow":["GET"]}}],"collection":[{"href":"https:\/\/www.pasteris.it\/blog\/wp-json\/wp\/v2\/posts"}],"about":[{"href":"https:\/\/www.pasteris.it\/blog\/wp-json\/wp\/v2\/types\/post"}],"author":[{"embeddable":true,"href":"https:\/\/www.pasteris.it\/blog\/wp-json\/wp\/v2\/users\/3"}],"replies":[{"embeddable":true,"href":"https:\/\/www.pasteris.it\/blog\/wp-json\/wp\/v2\/comments?post=28830"}],"version-history":[{"count":3,"href":"https:\/\/www.pasteris.it\/blog\/wp-json\/wp\/v2\/posts\/28830\/revisions"}],"predecessor-version":[{"id":28832,"href":"https:\/\/www.pasteris.it\/blog\/wp-json\/wp\/v2\/posts\/28830\/revisions\/28832"}],"wp:attachment":[{"href":"https:\/\/www.pasteris.it\/blog\/wp-json\/wp\/v2\/media?parent=28830"}],"wp:term":[{"taxonomy":"category","embeddable":true,"href":"https:\/\/www.pasteris.it\/blog\/wp-json\/wp\/v2\/categories?post=28830"},{"taxonomy":"post_tag","embeddable":true,"href":"https:\/\/www.pasteris.it\/blog\/wp-json\/wp\/v2\/tags?post=28830"}],"curies":[{"name":"wp","href":"https:\/\/api.w.org\/{rel}","templated":true}]}}