{"id":28906,"date":"2012-05-06T03:12:01","date_gmt":"2012-05-06T01:12:01","guid":{"rendered":"http:\/\/www.pasteris.it\/blog\/?p=28906"},"modified":"2012-05-06T03:12:01","modified_gmt":"2012-05-06T01:12:01","slug":"social-network-cose-da-pa","status":"publish","type":"post","link":"https:\/\/www.pasteris.it\/blog\/2012\/05\/06\/social-network-cose-da-pa\/","title":{"rendered":"Social Network: cose da PA"},"content":{"rendered":"<p><a href=\"http:\/\/www.egov.maggioli.it\/articolo\/14098\/I-social-network-nella-PA-un-volume-speciale\" target=\"_blank\">Egovnews presenta<\/a> una guida ragionata alla gestione e promozione dei servizi pubblici locali attraverso i social media: Gianluigi Cogo affronta l&#8217;argomento di punta della condivisione informatica inoltrandosi tra certificazione pubblica, cloud computing, e-democracy, civic hacking, multimediale, open government e blog<\/p>\n<p>Chi ben comincia \u00e8 a met\u00e0 dell&#8217;opera? Probabilmente si. E allora, con &#8220;I social newtork nella PA&#8221;, la sensazione \u00e8 che tutti gli enti locali ma anche i cittadini e i manager privati che lavorano a contatto con le pubbliche amministrazioni possano &#8216;cominciare a ragionare&#8217; benissimo. In un volume, tutto quello che c&#8217;\u00e8 da sapere su Facebook, Twitter e l&#8217;utilizzo propositivo e soprattutto utile dei social network dentro la PA, tema che segna la strada di una pi\u00f9 profonda analisi dell&#8217;e-government ai nostri tempi, il cosiddetto &#8216;web 2.0&#8242; pubblico. E&#8217; solo l&#8217;inizio di un percorso verso la conoscenza e il corretto utilizzo di tutti gli strumenti atti a migliorare l&#8217;uso della tecnologia dentro e per le pubbliche amministrazioni.<\/p>\n<p><a href=\"https:\/\/www.facebook.com\/SocialNetworkPa\" target=\"_blank\">Anche su Facebook<\/a><\/p>\n","protected":false},"excerpt":{"rendered":"<p>Egovnews presenta una guida ragionata alla gestione e promozione dei servizi pubblici locali attraverso i social media: Gianluigi Cogo affronta l&#8217;argomento di punta della condivisione informatica inoltrandosi tra certificazione pubblica, cloud computing, e-democracy, civic hacking, multimediale, open government e blog Chi ben comincia \u00e8 a met\u00e0 dell&#8217;opera? Probabilmente si. E allora, con &#8220;I social newtork &#8230; <a title=\"Social Network: cose da PA\" class=\"read-more\" href=\"https:\/\/www.pasteris.it\/blog\/2012\/05\/06\/social-network-cose-da-pa\/\" aria-label=\"Per saperne di pi\u00f9 su Social Network: cose da PA\">Leggi tutto<\/a><\/p>\n","protected":false},"author":3,"featured_media":0,"comment_status":"open","ping_status":"open","sticky":false,"template":"","format":"standard","meta":{"footnotes":""},"categories":[6,1],"tags":[317],"class_list":["post-28906","post","type-post","status-publish","format-standard","hentry","category-internet","category-politica","tag-social-network"],"_links":{"self":[{"href":"https:\/\/www.pasteris.it\/blog\/wp-json\/wp\/v2\/posts\/28906","targetHints":{"allow":["GET"]}}],"collection":[{"href":"https:\/\/www.pasteris.it\/blog\/wp-json\/wp\/v2\/posts"}],"about":[{"href":"https:\/\/www.pasteris.it\/blog\/wp-json\/wp\/v2\/types\/post"}],"author":[{"embeddable":true,"href":"https:\/\/www.pasteris.it\/blog\/wp-json\/wp\/v2\/users\/3"}],"replies":[{"embeddable":true,"href":"https:\/\/www.pasteris.it\/blog\/wp-json\/wp\/v2\/comments?post=28906"}],"version-history":[{"count":2,"href":"https:\/\/www.pasteris.it\/blog\/wp-json\/wp\/v2\/posts\/28906\/revisions"}],"predecessor-version":[{"id":28908,"href":"https:\/\/www.pasteris.it\/blog\/wp-json\/wp\/v2\/posts\/28906\/revisions\/28908"}],"wp:attachment":[{"href":"https:\/\/www.pasteris.it\/blog\/wp-json\/wp\/v2\/media?parent=28906"}],"wp:term":[{"taxonomy":"category","embeddable":true,"href":"https:\/\/www.pasteris.it\/blog\/wp-json\/wp\/v2\/categories?post=28906"},{"taxonomy":"post_tag","embeddable":true,"href":"https:\/\/www.pasteris.it\/blog\/wp-json\/wp\/v2\/tags?post=28906"}],"curies":[{"name":"wp","href":"https:\/\/api.w.org\/{rel}","templated":true}]}}