{"id":28963,"date":"2012-05-14T14:46:48","date_gmt":"2012-05-14T12:46:48","guid":{"rendered":"http:\/\/www.pasteris.it\/blog\/?p=28963"},"modified":"2012-05-14T14:46:48","modified_gmt":"2012-05-14T12:46:48","slug":"i-lavoratori-di-virgilio-in-sciopero","status":"publish","type":"post","link":"https:\/\/www.pasteris.it\/blog\/2012\/05\/14\/i-lavoratori-di-virgilio-in-sciopero\/","title":{"rendered":"I lavoratori di Virgilio in sciopero"},"content":{"rendered":"<p><a href=\"http:\/\/rsumatrix.myblog.it\/\" target=\"_blank\">I lavoratori di Virgilio<\/a> scioperano per il loro lavoro. Il loro comunicato<\/p>\n<blockquote><p>La societ\u00e0 Matrix S.p.A. \u00e8 una societ\u00e0 del Gruppo Telecom Italia, il cui principale business \u00e8 la produzione del portale Virigilio.it. Negli ultimi tre anni l\u2019azienda ha avuto un bilancio positivo e sempre nuovi investimenti: non vi era da parte dei lavoratori il sospetto che l\u2019azienda potesse avere problemi finanziari. A ottobre del 2011 Telecom Italia S.p.A. internalizza da Matrix i lavoratori della business unit Captive, ovvero i lavoratori che si occupavano della sezione web per Telecom Italia.<br \/>\nIl bilancio 2011 si \u00e8 chiuso con una perdita di pi\u00f9 di 12 milioni. Le responsabilit\u00e0 del gruppo manageriale sono evidenti e i lavoratori dell\u2019azienda stanno reagendo a questa situazione da cui si sentono colpiti pi\u00f9 di tutti.<br \/>\nI lavoratori si sono quindi riuniti in assemblea per esaminare e discutere sullo stato dell\u2019azienda a fronte di tutte le notizie apparse da pi\u00f9 giorni su tutti gli organi di stampa Nazionali,della probabile cessione\/esternalizzazione dei lavoratori dell\u2019azienda Matrix all\u2019azienda Libero.it.<br \/>\nLe conseguenze sul piano sociale rischiano di essere pesanti per i circa 300 lavoratori impiegati c\/o l\u2019azienda del Gruppo Telecom Italia, di cui la stragrande maggioranza dei lavoratori \u00e8 sul sito produttivo di Milano. Per tutte queste ragioni i lavoratori ,la Rsu e le organizzazioni sindacali Slc-cgil e la Fistel-cisl, indicono lo stato di agitazione, con indizione di due ore di sciopero, dei lavoratori di Matrix con un presidio di protesta che si terr\u00e0 nella giornata di Mercoled\u00ec 16 Maggio 2012,dalle H 10.00 alle h.12.00, davanti alla sede di Matrix , in Piazza Einaudi n\u00b08 di Milano.<\/p><\/blockquote>\n","protected":false},"excerpt":{"rendered":"<p>I lavoratori di Virgilio scioperano per il loro lavoro. Il loro comunicato La societ\u00e0 Matrix S.p.A. \u00e8 una societ\u00e0 del Gruppo Telecom Italia, il cui principale business \u00e8 la produzione del portale Virigilio.it. Negli ultimi tre anni l\u2019azienda ha avuto un bilancio positivo e sempre nuovi investimenti: non vi era da parte dei lavoratori il &#8230; <a title=\"I lavoratori di Virgilio in sciopero\" class=\"read-more\" href=\"https:\/\/www.pasteris.it\/blog\/2012\/05\/14\/i-lavoratori-di-virgilio-in-sciopero\/\" aria-label=\"Per saperne di pi\u00f9 su I lavoratori di Virgilio in sciopero\">Leggi tutto<\/a><\/p>\n","protected":false},"author":3,"featured_media":0,"comment_status":"open","ping_status":"open","sticky":false,"template":"","format":"standard","meta":{"footnotes":""},"categories":[17,6],"tags":[2155,2168,1897],"class_list":["post-28963","post","type-post","status-publish","format-standard","hentry","category-economia","category-internet","tag-internet","tag-media","tag-virgilio"],"_links":{"self":[{"href":"https:\/\/www.pasteris.it\/blog\/wp-json\/wp\/v2\/posts\/28963","targetHints":{"allow":["GET"]}}],"collection":[{"href":"https:\/\/www.pasteris.it\/blog\/wp-json\/wp\/v2\/posts"}],"about":[{"href":"https:\/\/www.pasteris.it\/blog\/wp-json\/wp\/v2\/types\/post"}],"author":[{"embeddable":true,"href":"https:\/\/www.pasteris.it\/blog\/wp-json\/wp\/v2\/users\/3"}],"replies":[{"embeddable":true,"href":"https:\/\/www.pasteris.it\/blog\/wp-json\/wp\/v2\/comments?post=28963"}],"version-history":[{"count":2,"href":"https:\/\/www.pasteris.it\/blog\/wp-json\/wp\/v2\/posts\/28963\/revisions"}],"predecessor-version":[{"id":28965,"href":"https:\/\/www.pasteris.it\/blog\/wp-json\/wp\/v2\/posts\/28963\/revisions\/28965"}],"wp:attachment":[{"href":"https:\/\/www.pasteris.it\/blog\/wp-json\/wp\/v2\/media?parent=28963"}],"wp:term":[{"taxonomy":"category","embeddable":true,"href":"https:\/\/www.pasteris.it\/blog\/wp-json\/wp\/v2\/categories?post=28963"},{"taxonomy":"post_tag","embeddable":true,"href":"https:\/\/www.pasteris.it\/blog\/wp-json\/wp\/v2\/tags?post=28963"}],"curies":[{"name":"wp","href":"https:\/\/api.w.org\/{rel}","templated":true}]}}