{"id":28986,"date":"2012-05-18T08:21:02","date_gmt":"2012-05-18T06:21:02","guid":{"rendered":"http:\/\/www.pasteris.it\/blog\/?p=28986"},"modified":"2012-05-18T08:21:02","modified_gmt":"2012-05-18T06:21:02","slug":"occupyvirgilio-e-il-mistero-dei-16-mlioni-di-euro-spariti-dai-conti","status":"publish","type":"post","link":"https:\/\/www.pasteris.it\/blog\/2012\/05\/18\/occupyvirgilio-e-il-mistero-dei-16-mlioni-di-euro-spariti-dai-conti\/","title":{"rendered":"#OccupyVirgilio e il mistero dei 16 mlioni di euro spariti dai conti"},"content":{"rendered":"<p><a href=\"http:\/\/www.isoladeicassintegrati.com\/2012\/05\/16\/sciopero-occupyvirgilio-e-il-mistero-della-truffa\/\">Via Isola dei cassintegrati<\/a><\/p>\n<blockquote><p>In una Milano scossa dalle manifestazioni, come \u00e8 successo ieri per lo sgombero di Macao, Piazza Einaudi si riempie di palloncini arancioni. Sono 150 dei 250 lavoratori Virgilio, che presidiano la sede della societ\u00e0 Matrix S.p.a (qui il comunicato) del gruppo Telecom Italia, che si occupa di produrre il portale web Virgilio.<\/p>\n<p>Cos\u2019\u00e8 successo? Dopo vari \u2018rumors\u2019 i dipendenti apprendono dalla stampa che Telecom vuole vendere Virgilio, passata al gruppo cinque anni fa. E i 250 dipendenti hanno paura di essere svenduti. L\u2019ipotesi pi\u00f9 discussa ora \u00e8 una cessione\/accorpamento a Libero.it, ma l\u00ec non \u00e8 andata tanto bene. Libero.it ora non ha neanche pi\u00f9 una redazione, e uno dei lavoratori dal presidio ci dice che: \u201cSawiris ha smantellato Libero.it, non vorremo succeda lo stesso anche a noi\u201d.<!--more--><\/p>\n<p>Licenziamenti, trasferimenti da Milano a Roma: \u201cE con quali tutele, quali contratti?\u201d Questo si chiedono i dipendenti arancioni, che hanno lanciato su twitter l\u2019hashtag #occupyvirgilio. E Telecom che dice? \u201cPer loro non siamo core business\u201d, ci dicono dal presidio.<\/p>\n<p>C\u2019\u00e8 un fatto: Matrix S.p.a. ha chiuso il 2011 con un buco nei conti di 16 milioni. Questa notizia ha suscitato stupore fra i dipendenti Virgilio: \u201cFino all\u2019anno prima avevamo accumulato un profitto di 500.000 euro. Da dove viene fuori questo debito?\u201d Virgilio verr\u00e0 venduta, o \u2018svenduta\u2019 a una cifra irrilevante. Il vero obiettivo, quindi, potrebbe essere la cessione dei lavoratori.<\/p>\n<p>E spunta fuori un piccolo mistero, emerso all\u2019ultima assemblea sindacale: l\u2019a.d. di Matrix S.p.a. avrebbe sporto denuncia penale contro ignoti, per truffa, relativa ai 16 milioni di ammanco nei conti della societ\u00e0. Ai lavoratori, ancora, non \u00e8 stato comunicato nulla di ufficiale. In una vicenda che assume sempre pi\u00f9 i caratteri di quella Agile-Eutelia.<\/p><\/blockquote>\n","protected":false},"excerpt":{"rendered":"<p>Via Isola dei cassintegrati In una Milano scossa dalle manifestazioni, come \u00e8 successo ieri per lo sgombero di Macao, Piazza Einaudi si riempie di palloncini arancioni. Sono 150 dei 250 lavoratori Virgilio, che presidiano la sede della societ\u00e0 Matrix S.p.a (qui il comunicato) del gruppo Telecom Italia, che si occupa di produrre il portale web &#8230; <a title=\"#OccupyVirgilio e il mistero dei 16 mlioni di euro spariti dai conti\" class=\"read-more\" href=\"https:\/\/www.pasteris.it\/blog\/2012\/05\/18\/occupyvirgilio-e-il-mistero-dei-16-mlioni-di-euro-spariti-dai-conti\/\" aria-label=\"Per saperne di pi\u00f9 su #OccupyVirgilio e il mistero dei 16 mlioni di euro spariti dai conti\">Leggi tutto<\/a><\/p>\n","protected":false},"author":3,"featured_media":0,"comment_status":"open","ping_status":"open","sticky":false,"template":"","format":"standard","meta":{"footnotes":""},"categories":[11,6,30],"tags":[2155,426,197,1897],"class_list":["post-28986","post","type-post","status-publish","format-standard","hentry","category-diritti","category-internet","category-media","tag-internet","tag-lavoro","tag-libero","tag-virgilio"],"_links":{"self":[{"href":"https:\/\/www.pasteris.it\/blog\/wp-json\/wp\/v2\/posts\/28986","targetHints":{"allow":["GET"]}}],"collection":[{"href":"https:\/\/www.pasteris.it\/blog\/wp-json\/wp\/v2\/posts"}],"about":[{"href":"https:\/\/www.pasteris.it\/blog\/wp-json\/wp\/v2\/types\/post"}],"author":[{"embeddable":true,"href":"https:\/\/www.pasteris.it\/blog\/wp-json\/wp\/v2\/users\/3"}],"replies":[{"embeddable":true,"href":"https:\/\/www.pasteris.it\/blog\/wp-json\/wp\/v2\/comments?post=28986"}],"version-history":[{"count":2,"href":"https:\/\/www.pasteris.it\/blog\/wp-json\/wp\/v2\/posts\/28986\/revisions"}],"predecessor-version":[{"id":28988,"href":"https:\/\/www.pasteris.it\/blog\/wp-json\/wp\/v2\/posts\/28986\/revisions\/28988"}],"wp:attachment":[{"href":"https:\/\/www.pasteris.it\/blog\/wp-json\/wp\/v2\/media?parent=28986"}],"wp:term":[{"taxonomy":"category","embeddable":true,"href":"https:\/\/www.pasteris.it\/blog\/wp-json\/wp\/v2\/categories?post=28986"},{"taxonomy":"post_tag","embeddable":true,"href":"https:\/\/www.pasteris.it\/blog\/wp-json\/wp\/v2\/tags?post=28986"}],"curies":[{"name":"wp","href":"https:\/\/api.w.org\/{rel}","templated":true}]}}