{"id":2909,"date":"2008-01-21T09:03:18","date_gmt":"2008-01-21T07:03:18","guid":{"rendered":"http:\/\/www.pasteris.it\/blog\/2008\/01\/21\/noncisiamonelmondoit\/"},"modified":"2008-01-21T09:03:18","modified_gmt":"2008-01-21T07:03:18","slug":"noncisiamonelmondoit","status":"publish","type":"post","link":"https:\/\/www.pasteris.it\/blog\/2008\/01\/21\/noncisiamonelmondoit\/","title":{"rendered":"noncisiamonelmondo.it"},"content":{"rendered":"<p><a href=\"http:\/\/albertocane.blogspot.com\/2007\/07\/lunit-di-crisi-in-crisi.html\">Segnala Alberto Cane<\/a> a proposito e in aggiunta della<a href=\"http:\/\/www.pasteris.it\/blog\/2008\/01\/19\/italiait-perso-per-sempre-nel-mare-della-rete\/\"> storia di Italia.it<\/a> che ad agosto 2007<\/p>\n<blockquote><p>Succede questo. Da poco pi\u00f9 di un anno  il ministero degli Esteri ha aperto un sito Internet (<a href=\"http:\/\/www.dovesiamonelmondo.it\/\" target=\"_\">www.dovesiamonelmondo.it<\/a>) nel quale segnalare la destinazione dei propri viaggi oltre confine. La cosa \u00e8 consigliata specialmente a chi si reca in paesi a rischio. Una semplice registrazione per facilitare, \u00abnell&#8217;eventualit\u00e0 che si verifichino situazioni di grave emergenza\u00bb, come si poteva leggere nell\u2019home page, \u00abdi pianificare con maggiore rapidit\u00e0 e precisione interventi di soccorso\u00bb.<\/p>\n<p>Ebbene questo sito \u2013 alla vigilia di agosto \u2013 \u00e8 saltato. Il motivo? Il dominio risulta scaduto perch\u00e9 non si \u00e8 provveduto a pagare qualche decina di euro. Al momento in cui scrivo si vede l&#8217;immagine in alto.<\/p><\/blockquote>\n","protected":false},"excerpt":{"rendered":"<p>Segnala Alberto Cane a proposito e in aggiunta della storia di Italia.it che ad agosto 2007 Succede questo. Da poco pi\u00f9 di un anno il ministero degli Esteri ha aperto un sito Internet (www.dovesiamonelmondo.it) nel quale segnalare la destinazione dei propri viaggi oltre confine. La cosa \u00e8 consigliata specialmente a chi si reca in paesi &#8230; <a title=\"noncisiamonelmondo.it\" class=\"read-more\" href=\"https:\/\/www.pasteris.it\/blog\/2008\/01\/21\/noncisiamonelmondoit\/\" aria-label=\"Per saperne di pi\u00f9 su noncisiamonelmondo.it\">Leggi tutto<\/a><\/p>\n","protected":false},"author":4,"featured_media":0,"comment_status":"open","ping_status":"open","sticky":false,"template":"","format":"standard","meta":{"footnotes":""},"categories":[],"tags":[2157,379,2155,61,551,2169],"class_list":["post-2909","post","type-post","status-publish","format-standard","hentry","tag-blog","tag-crisi","tag-internet","tag-italia","tag-legge","tag-mondo"],"_links":{"self":[{"href":"https:\/\/www.pasteris.it\/blog\/wp-json\/wp\/v2\/posts\/2909","targetHints":{"allow":["GET"]}}],"collection":[{"href":"https:\/\/www.pasteris.it\/blog\/wp-json\/wp\/v2\/posts"}],"about":[{"href":"https:\/\/www.pasteris.it\/blog\/wp-json\/wp\/v2\/types\/post"}],"author":[{"embeddable":true,"href":"https:\/\/www.pasteris.it\/blog\/wp-json\/wp\/v2\/users\/4"}],"replies":[{"embeddable":true,"href":"https:\/\/www.pasteris.it\/blog\/wp-json\/wp\/v2\/comments?post=2909"}],"version-history":[{"count":0,"href":"https:\/\/www.pasteris.it\/blog\/wp-json\/wp\/v2\/posts\/2909\/revisions"}],"wp:attachment":[{"href":"https:\/\/www.pasteris.it\/blog\/wp-json\/wp\/v2\/media?parent=2909"}],"wp:term":[{"taxonomy":"category","embeddable":true,"href":"https:\/\/www.pasteris.it\/blog\/wp-json\/wp\/v2\/categories?post=2909"},{"taxonomy":"post_tag","embeddable":true,"href":"https:\/\/www.pasteris.it\/blog\/wp-json\/wp\/v2\/tags?post=2909"}],"curies":[{"name":"wp","href":"https:\/\/api.w.org\/{rel}","templated":true}]}}