{"id":29175,"date":"2012-06-18T16:06:54","date_gmt":"2012-06-18T14:06:54","guid":{"rendered":"http:\/\/www.pasteris.it\/blog\/?p=29175"},"modified":"2012-06-18T16:06:54","modified_gmt":"2012-06-18T14:06:54","slug":"al-via-il-dpr-per-la-riforma-degli-ordini","status":"publish","type":"post","link":"https:\/\/www.pasteris.it\/blog\/2012\/06\/18\/al-via-il-dpr-per-la-riforma-degli-ordini\/","title":{"rendered":"Al via il dpr per la riforma degli Ordini"},"content":{"rendered":"<p><a href=\" http:\/\/www.ilsole24ore.com\/art\/norme-e-tributi\/2012-06-16\/tirocinio-studio-anche-scuola-081715.shtml?uuid=AbTAa8sF\">Via Sole24Ore<\/a><\/p>\n<blockquote><p>Ha fatto tesoro della normativa comunitaria la definizione di professione regolamentata da cui cui prende le mosse il Dpr che potrebbe mettere la parola fine alla lunghissima querelle sulla riforma degli Ordini. Il punto fermo del Dpr, approvato in prima lettura dal Consiglio dei ministri, \u00e8 il seguente: \u00abper professione regolamentata si intende l&#8217;attivit\u00e0 o l&#8217;insieme delle attivit\u00e0, riservate (&#8230;) o non riservate, il cui esercizio \u00e8 consentito solo a seguito di iscrizione in Ordini o Collegi o in Albi, registri ed elenchi tenuti da amministrazioni o enti pubblici, quando l&#8217;iscrizione \u00e8 subordinata al possesso di qualifiche professionali o all&#8217;accertamento delle specifiche professionalit\u00e0\u00bb.<br \/>\nIn questo modo, pragmatico, si salta a pi\u00e8 pari ogni diatriba (e ogni tentazione) sugli Ordini e, nello stesso tempo, si fa perno sulla necessit\u00e0 di una formazione specifica per esercitare un insieme di attivit\u00e0. Questo meccanismo potrebbe consentire di ricomprendere tra le professioni regolamentate anche elenchi tenuti da pubbliche amministrazioni che possono non coincidere con gli Albi gestiti da Ordini. In ogni caso il Dpr si rivolge anche agli avvocati (cui sono dedicati due articoli su tirocinio e domicilio professionale) e ai notai (un articolo sul tirocinio).<br \/>\nLo schema di Dpr ribadisce che l&#8217;accesso alle professioni regolamentate \u00e8 libero, fatto salvo l&#8217;esame di Stato. L&#8217;esercizio dell&#8217;attivit\u00e0 si basa su \u00abautonomia e indipendenza di giudizio, intellettuale e tecnico\u00bb. La formazione di Albi ad hoc per &#8220;specialisti&#8221; all&#8217;interno di una professione deve essere prevista per legge.<br \/>\nLe limitazioni di numero non sono ammesse, salvo deroghe espresse per ragioni di \u00abpubblico interesse\u00bb, quali la tutela della salute. Per i notai, per ragioni di \u00abinteresse pubblico\u00bb sono consentiti limiti per la prestazione professionale in una particolare area geografica.<br \/>\nNegli Albi territoriali sono annotati i professionisti e gli eventuali provvedimenti disciplinari; l&#8217;insieme degli elenchi costituisce l&#8217;Albo nazionale che va tenuto aggiornato in tempo reale.<br \/>\nLa pubblicit\u00e0 informativa \u00e8 ammessa con ogni mezzo e pu\u00f2 riguardare, come previsto dal Dl 138\/2011, le specializzazioni, i titoli posseduti attinenti alla professione, la struttura dello studio. Non si deve violare l&#8217;obbligo del segreto, ma la pubblicit\u00e0 pu\u00f2 arrivare anche alla voce finora tab\u00f9, quella dei compensi richiesti per le prestazioni.<br \/>\nCome stabilito dal Dl 138 il professionista \u00e8 obbligato a stipulare una polizza per la responsabilit\u00e0 professionale: gli estremi e il massimale vanno comunicati al cliente al momento dell&#8217;incarico.<\/p><\/blockquote>\n","protected":false},"excerpt":{"rendered":"<p>Via Sole24Ore Ha fatto tesoro della normativa comunitaria la definizione di professione regolamentata da cui cui prende le mosse il Dpr che potrebbe mettere la parola fine alla lunghissima querelle sulla riforma degli Ordini. Il punto fermo del Dpr, approvato in prima lettura dal Consiglio dei ministri, \u00e8 il seguente: \u00abper professione regolamentata si intende &#8230; <a title=\"Al via il dpr per la riforma degli Ordini\" class=\"read-more\" href=\"https:\/\/www.pasteris.it\/blog\/2012\/06\/18\/al-via-il-dpr-per-la-riforma-degli-ordini\/\" aria-label=\"Per saperne di pi\u00f9 su Al via il dpr per la riforma degli Ordini\">Leggi tutto<\/a><\/p>\n","protected":false},"author":3,"featured_media":0,"comment_status":"open","ping_status":"open","sticky":false,"template":"","format":"standard","meta":{"footnotes":""},"categories":[17,1,30],"tags":[255],"class_list":["post-29175","post","type-post","status-publish","format-standard","hentry","category-economia","category-politica","category-media","tag-ordine-giornalisti"],"_links":{"self":[{"href":"https:\/\/www.pasteris.it\/blog\/wp-json\/wp\/v2\/posts\/29175","targetHints":{"allow":["GET"]}}],"collection":[{"href":"https:\/\/www.pasteris.it\/blog\/wp-json\/wp\/v2\/posts"}],"about":[{"href":"https:\/\/www.pasteris.it\/blog\/wp-json\/wp\/v2\/types\/post"}],"author":[{"embeddable":true,"href":"https:\/\/www.pasteris.it\/blog\/wp-json\/wp\/v2\/users\/3"}],"replies":[{"embeddable":true,"href":"https:\/\/www.pasteris.it\/blog\/wp-json\/wp\/v2\/comments?post=29175"}],"version-history":[{"count":2,"href":"https:\/\/www.pasteris.it\/blog\/wp-json\/wp\/v2\/posts\/29175\/revisions"}],"predecessor-version":[{"id":29177,"href":"https:\/\/www.pasteris.it\/blog\/wp-json\/wp\/v2\/posts\/29175\/revisions\/29177"}],"wp:attachment":[{"href":"https:\/\/www.pasteris.it\/blog\/wp-json\/wp\/v2\/media?parent=29175"}],"wp:term":[{"taxonomy":"category","embeddable":true,"href":"https:\/\/www.pasteris.it\/blog\/wp-json\/wp\/v2\/categories?post=29175"},{"taxonomy":"post_tag","embeddable":true,"href":"https:\/\/www.pasteris.it\/blog\/wp-json\/wp\/v2\/tags?post=29175"}],"curies":[{"name":"wp","href":"https:\/\/api.w.org\/{rel}","templated":true}]}}