{"id":29207,"date":"2012-06-22T09:36:31","date_gmt":"2012-06-22T07:36:31","guid":{"rendered":"http:\/\/www.pasteris.it\/blog\/?p=29207"},"modified":"2012-06-22T09:36:31","modified_gmt":"2012-06-22T07:36:31","slug":"oggi-si-presenta-lappello-ai-media-mainstream-sullinformazione-ambientale","status":"publish","type":"post","link":"https:\/\/www.pasteris.it\/blog\/2012\/06\/22\/oggi-si-presenta-lappello-ai-media-mainstream-sullinformazione-ambientale\/","title":{"rendered":"Oggi si presenta l&#8217;appello ai media mainstream sull&#8217;informazione ambientale"},"content":{"rendered":"<p><a title=\"Earth Day 2010 by Koshyk, on Flickr\" href=\"http:\/\/www.flickr.com\/photos\/kkoshy\/4542994984\/\"><img loading=\"lazy\" decoding=\"async\" class=\"alignright\" src=\"http:\/\/farm5.staticflickr.com\/4036\/4542994984_9486cc0000_m.jpg\" alt=\"Earth Day 2010\" width=\"240\" height=\"151\" \/><\/a>Venerd\u00ec 22 giugno 2012, presso i<a href=\"http:\/\/www.centrostudicts.it\/\" target=\"_blank\">l Centro Studi CTS, in via Albalonga 3<\/a> a roma , dalle ore 10,30 sar\u00e0 presentato l\u2019Appello ai media per l\u2019informazione ambientale. L\u2019Appello \u00e8 rivolto ai direttori delle testate giornalistiche ad alta diffusione, alle reti televisive e ai talk show, ovvero alle voci pi\u00f9 popolari e pi\u00f9 seguite dei media italiani, affinch\u00e9 passato il picco di attenzione sulla Conferenza di Rio,\u00a0 non si torni a parlare di ambiente solo in occasioni delle grandi catastrofi. \u00abBasta guardarsi indietro di pochi mesi \u2013 si legge nell\u2019appello \u2013 per cogliere a pieno questo paradosso: subito dopo le alluvioni in Lunigiana, alle Cinque Terre e a Genova il tema del dissesto idrogeologico ha ottenuto una larga eco sui media di casa nostra. Adesso per\u00f2, nella stagione secca, il fenomeno del consumo di suolo, che provoca ogni anno la perdita di circa 500 Kmq di terreno, \u00e8 scomparso dalle prime pagine dei giornali\u00bb.<\/p>\n<p>Promosso e sottoscritto, in questa prima fase, prevalentemente da direttori, giornalisti, blogger ed editori della stampa specializzata e della rete, lo spirito dell\u2019appello \u00e8 proprio quello di\u00a0 sensibilizzare i conduttori dei talk show, i responsabili di rete, le testate giornalistiche \u00abche in un giorno ottengono tanti contatti quanti le nostre testate, tutte insieme, raggiungono in un anno\u00bb. A loro chiede: \u00abinaugurate con Rio+20 una maniera nuova di trattare la notizia ambientale. Uscite dalla retorica dell\u2019emergenza, andate oltre i picchi d\u2019attenzione dettati dalla cronaca o dall\u2019agenda dei politici e stimolate un dibattito pubblico intorno ai processi d\u2019innovazione che interessano le imprese, le amministrazioni pubbliche virtuosi, le famiglie\u00bb.<!--more--><\/p>\n<p>\u00abVi chiediamo di accogliere questo appello aprendo con la rete delle testate italiane d\u2019informazione ambientale, che rappresentano un patrimonio unico nel suo genere in Europa, un tavolo di lavoro e di confronto per adeguare il giornalismo italiano ai bisogni della nostra epoca. Vi chiediamo inoltre un sostegno concreto pubblicando in forma permanente una finestra sui processi di riconversione alla sostenibilit\u00e0 che stanno avvenendo nel nostro paese, una \u201cgreen box\u201d al cui interno rilanciare, a vostra discrezione, link, abstract e riferimenti ai contenuti che pubblicano le testate ecologiste in maniera da segnalarli ai vostri numerosi lettori. Possiamo costruire una rete all\u2019interno del sistema informativo del nostro paese fra piccoli e grandi editori, testate di ogni orientamento politico, media di diverso genere per sostenere gli obiettivi del green new deal italiano\u00bb.<br \/>\nLa diretta streaming dell\u2019incontro di domani, a cura di La nuova ecologia tv, sar\u00e0 visibile su <a href=\"http:\/\/giornalistiambientali.blogspot.it\/\">giornalistiambientali.blogspot.it<\/a> dove \u00e8 anche possibile leggere l&#8217;appello completo e la lista degli aderenti all&#8217;appello.<br \/>\nSu twitter segui l\u2019hastag #comunicambiente<\/p>\n","protected":false},"excerpt":{"rendered":"<p>Venerd\u00ec 22 giugno 2012, presso il Centro Studi CTS, in via Albalonga 3 a roma , dalle ore 10,30 sar\u00e0 presentato l\u2019Appello ai media per l\u2019informazione ambientale. L\u2019Appello \u00e8 rivolto ai direttori delle testate giornalistiche ad alta diffusione, alle reti televisive e ai talk show, ovvero alle voci pi\u00f9 popolari e pi\u00f9 seguite dei media &#8230; <a title=\"Oggi si presenta l&#8217;appello ai media mainstream sull&#8217;informazione ambientale\" class=\"read-more\" href=\"https:\/\/www.pasteris.it\/blog\/2012\/06\/22\/oggi-si-presenta-lappello-ai-media-mainstream-sullinformazione-ambientale\/\" aria-label=\"Per saperne di pi\u00f9 su Oggi si presenta l&#8217;appello ai media mainstream sull&#8217;informazione ambientale\">Leggi tutto<\/a><\/p>\n","protected":false},"author":3,"featured_media":0,"comment_status":"open","ping_status":"open","sticky":false,"template":"","format":"standard","meta":{"footnotes":""},"categories":[49,30],"tags":[2172,2168],"class_list":["post-29207","post","type-post","status-publish","format-standard","hentry","category-ambiente","category-media","tag-ambiente","tag-media"],"_links":{"self":[{"href":"https:\/\/www.pasteris.it\/blog\/wp-json\/wp\/v2\/posts\/29207","targetHints":{"allow":["GET"]}}],"collection":[{"href":"https:\/\/www.pasteris.it\/blog\/wp-json\/wp\/v2\/posts"}],"about":[{"href":"https:\/\/www.pasteris.it\/blog\/wp-json\/wp\/v2\/types\/post"}],"author":[{"embeddable":true,"href":"https:\/\/www.pasteris.it\/blog\/wp-json\/wp\/v2\/users\/3"}],"replies":[{"embeddable":true,"href":"https:\/\/www.pasteris.it\/blog\/wp-json\/wp\/v2\/comments?post=29207"}],"version-history":[{"count":2,"href":"https:\/\/www.pasteris.it\/blog\/wp-json\/wp\/v2\/posts\/29207\/revisions"}],"predecessor-version":[{"id":29211,"href":"https:\/\/www.pasteris.it\/blog\/wp-json\/wp\/v2\/posts\/29207\/revisions\/29211"}],"wp:attachment":[{"href":"https:\/\/www.pasteris.it\/blog\/wp-json\/wp\/v2\/media?parent=29207"}],"wp:term":[{"taxonomy":"category","embeddable":true,"href":"https:\/\/www.pasteris.it\/blog\/wp-json\/wp\/v2\/categories?post=29207"},{"taxonomy":"post_tag","embeddable":true,"href":"https:\/\/www.pasteris.it\/blog\/wp-json\/wp\/v2\/tags?post=29207"}],"curies":[{"name":"wp","href":"https:\/\/api.w.org\/{rel}","templated":true}]}}