{"id":29220,"date":"2012-06-24T05:11:10","date_gmt":"2012-06-24T03:11:10","guid":{"rendered":"http:\/\/www.pasteris.it\/blog\/?p=29220"},"modified":"2012-06-24T05:11:11","modified_gmt":"2012-06-24T03:11:11","slug":"che-cosa-cambia-nel-concreto-per-i-giornalisti-iscritti-allordine","status":"publish","type":"post","link":"https:\/\/www.pasteris.it\/blog\/2012\/06\/24\/che-cosa-cambia-nel-concreto-per-i-giornalisti-iscritti-allordine\/","title":{"rendered":"Che cosa cambia nel concreto per i giornalisti iscritti all&#8217;Ordine"},"content":{"rendered":"<p>L&#8217;Ordine dei Giornalisti<a href=\"http:\/\/www.odg.it\/content\/riforma-degli-ordini-ecco-quel-che-riguarda-i-giornalisti\" target=\"_blank\"> ha pubblicato delle indicazioni<\/a> su cosa potr\u00e0 cambiare o non cambiare con le riforme degli ordini professionali per i giornalisti<\/p>\n<blockquote><p>CHE COSA CAMBIA. Nell\u2019immediato nulla. In prospettiva pi\u00f9 o meno vicina, le funzioni disciplinari verranno tolte ai Consigli (regionali e nazionale) e affidati a collegi.<\/p>\n<p>Quelli \u201cterritoriali\u201d saranno composti da cinque persone, scelte tra i membri del \u201cconsiglio viciniore\u201d, dal presidente dello stesso, seguendo una \u201cgabbia di competenze\u201d gi\u00e0 utilizzata per i magistrati. Per intenderci il presidente del Consiglio dell\u2019Odg dell\u2019Umbria sceglier\u00e0 tra gli altri 8 membri del suo Consiglio i cinque che diventeranno i \u201cgiudici\u201d\u00a0 degli iscritti all\u2019Odg del Lazio. Non sono stati fissati criteri per la scelta, n\u00e9 \u00e8 chiaro in quale sede avverranno i procedimenti. Cio\u00e8 saranno \u201di giudici\u201d a spostarsi nella regione vicina o a doverlo fare saranno chiamati i colleghi sottoposti a procedimento disciplinare?<\/p>\n<p>Il collegio nazionale sar\u00e0 composto da 9 membri titolari e tre supplenti: tutti giornalisti. Cos\u00ec come \u00e8 concepito lo schema di D.P.R. \u00e8 impossibile per l\u2019Odg formarlo perch\u00e9 le nostre elezioni per il consiglio nazionale avvengono su base regionale e non esistono, quindi, i primi degli esclusi. Il ministro sta cercando una soluzione, valutando anche una proposta dell\u2019Odg, per consentire all\u2019Ordine dei giornalisti di formare il collegio. La strada ipotizzata \u00e8 di chiarire l\u2019esclusione di questo sistema per quanti non hanno elezioni su base nazionali.<!--more--><\/p>\n<p>LA FORMAZIONE. C\u2019\u00e8 (per la verit\u00e0 c\u2019era gi\u00e0 anche da prima del 13 agosto 2011, decreto Tremonti) l\u2019obbligo della formazione-aggiornamento. Il Consiglio nazionale dell\u2019Odg ha approvato, in data 21 giugno 2012, un regolamento per la formazione-aggiornamento dei colleghi. Il mancato rispetto di quest\u2019obbligo, in base alle norme, rappresenta una violazione deontologica.<\/p>\n<div id=\"__ss_13433080\" style=\"width: 477px;\"><strong style=\"display: block; margin: 12px 0 4px;\"><a title=\"Regolamento 21 giugno\" href=\"http:\/\/www.slideshare.net\/vittorio.pasteris\/regolamento-21-giugno\">Regolamento 21 giugno<\/a><\/strong><object id=\"__sse13433080\" width=\"477\" height=\"510\" classid=\"clsid:d27cdb6e-ae6d-11cf-96b8-444553540000\" codebase=\"http:\/\/download.macromedia.com\/pub\/shockwave\/cabs\/flash\/swflash.cab#version=6,0,40,0\"><param name=\"allowFullScreen\" value=\"true\" \/><param name=\"allowScriptAccess\" value=\"always\" \/><param name=\"wmode\" value=\"transparent\" \/><param name=\"src\" value=\"http:\/\/static.slidesharecdn.com\/swf\/doc_player.swf?doc=regolamento21giugno-120623220716-phpapp01&amp;stripped_title=regolamento-21-giugno&amp;userName=vittorio.pasteris\" \/><param name=\"allowscriptaccess\" value=\"always\" \/><param name=\"allowfullscreen\" value=\"true\" \/><embed id=\"__sse13433080\" width=\"477\" height=\"510\" type=\"application\/x-shockwave-flash\" src=\"http:\/\/static.slidesharecdn.com\/swf\/doc_player.swf?doc=regolamento21giugno-120623220716-phpapp01&amp;stripped_title=regolamento-21-giugno&amp;userName=vittorio.pasteris\" allowFullScreen=\"true\" allowScriptAccess=\"always\" wmode=\"transparent\" allowscriptaccess=\"always\" allowfullscreen=\"true\" \/><\/object><\/p>\n<div style=\"padding: 5px 0 12px;\">View more <a href=\"http:\/\/www.slideshare.net\/\">documents<\/a> from <a href=\"http:\/\/www.slideshare.net\/vittorio.pasteris\">Vittorio Pasteris<\/a>.<\/div>\n<\/div>\n<p>ELENCHI E ALBI. L\u2019Ordine continuer\u00e0 ad essere diviso in professionisti e pubblicisti. Rester\u00e0 il registro dei praticanti e verranno mantenuti l\u2019Albo speciale e l\u2019elenco stranieri. A proposito di quest\u2019ultimo c\u2019\u00e8 una novit\u00e0. Il giornalista non comunitario, in base ad una norma del 1948 modificata nel 1996, non poteva assumere la direzione responsabile di una testata. Con il DPR, tale divieto decade, essendo la discriminazione incompatibile con l\u2019insieme dei provvedimenti fin qui varati sugli Ordini professionali.<\/p>\n<p>PROFESSIONISTI. Restano tutte le norme fin qui vigenti, compresa la necessit\u00e0 di sottoporsi a colloquio per quanti non sono in possesso di diploma di scuola secondaria superiore, e l\u2019esame di Stato a conclusione del praticantato.<\/p>\n<p>PUBBLICISTI. Non solo quanti sono gi\u00e0 iscritti, ma anche quanti hanno avviato il percorso previsto dalla legge e quanti decideranno di avviarlo nel futuro dovranno seguire la disciplina vigente che non viene modificata dal DPR n\u00e9 lo era stata dal decreto Tremonti, poi trasformato, o dal salva Italia.<\/p>\n<p>PRATICANTI. Li chiamano anche \u201ctirocinanti\u201d. Il ministro ha chiarito che la norma prevista nel D.P.R. non si applicher\u00e0 ai giornalisti che continueranno ad avere il praticantato retribuito con le altre garanzie legate al rapporto di lavoro previsto dal Contratto.<\/p>\n<p>Tutti i praticanti dovranno fare un corso di formazione, nell\u2019arco di sei mesi (sempre inseriti nei 18), secondo modalit\u00e0 che saranno definite. Il ministro ha valutato con molto interesse l\u2019idea dell\u2019Odg di creare una piattaforma on line, con tutte le garanzie che la tecnologia ormai consente e con la prevista verifica finale.<\/p><\/blockquote>\n","protected":false},"excerpt":{"rendered":"<p>L&#8217;Ordine dei Giornalisti ha pubblicato delle indicazioni su cosa potr\u00e0 cambiare o non cambiare con le riforme degli ordini professionali per i giornalisti CHE COSA CAMBIA. Nell\u2019immediato nulla. In prospettiva pi\u00f9 o meno vicina, le funzioni disciplinari verranno tolte ai Consigli (regionali e nazionale) e affidati a collegi. Quelli \u201cterritoriali\u201d saranno composti da cinque persone, &#8230; <a title=\"Che cosa cambia nel concreto per i giornalisti iscritti all&#8217;Ordine\" class=\"read-more\" href=\"https:\/\/www.pasteris.it\/blog\/2012\/06\/24\/che-cosa-cambia-nel-concreto-per-i-giornalisti-iscritti-allordine\/\" aria-label=\"Per saperne di pi\u00f9 su Che cosa cambia nel concreto per i giornalisti iscritti all&#8217;Ordine\">Leggi tutto<\/a><\/p>\n","protected":false},"author":3,"featured_media":0,"comment_status":"open","ping_status":"open","sticky":false,"template":"","format":"standard","meta":{"footnotes":""},"categories":[1,30,32],"tags":[161,255],"class_list":["post-29220","post","type-post","status-publish","format-standard","hentry","category-politica","category-media","category-pensieri","tag-giornalisti","tag-ordine-giornalisti"],"_links":{"self":[{"href":"https:\/\/www.pasteris.it\/blog\/wp-json\/wp\/v2\/posts\/29220","targetHints":{"allow":["GET"]}}],"collection":[{"href":"https:\/\/www.pasteris.it\/blog\/wp-json\/wp\/v2\/posts"}],"about":[{"href":"https:\/\/www.pasteris.it\/blog\/wp-json\/wp\/v2\/types\/post"}],"author":[{"embeddable":true,"href":"https:\/\/www.pasteris.it\/blog\/wp-json\/wp\/v2\/users\/3"}],"replies":[{"embeddable":true,"href":"https:\/\/www.pasteris.it\/blog\/wp-json\/wp\/v2\/comments?post=29220"}],"version-history":[{"count":1,"href":"https:\/\/www.pasteris.it\/blog\/wp-json\/wp\/v2\/posts\/29220\/revisions"}],"predecessor-version":[{"id":29221,"href":"https:\/\/www.pasteris.it\/blog\/wp-json\/wp\/v2\/posts\/29220\/revisions\/29221"}],"wp:attachment":[{"href":"https:\/\/www.pasteris.it\/blog\/wp-json\/wp\/v2\/media?parent=29220"}],"wp:term":[{"taxonomy":"category","embeddable":true,"href":"https:\/\/www.pasteris.it\/blog\/wp-json\/wp\/v2\/categories?post=29220"},{"taxonomy":"post_tag","embeddable":true,"href":"https:\/\/www.pasteris.it\/blog\/wp-json\/wp\/v2\/tags?post=29220"}],"curies":[{"name":"wp","href":"https:\/\/api.w.org\/{rel}","templated":true}]}}