{"id":29238,"date":"2012-06-27T11:12:00","date_gmt":"2012-06-27T09:12:00","guid":{"rendered":"http:\/\/www.pasteris.it\/blog\/?p=29238"},"modified":"2012-06-27T03:08:39","modified_gmt":"2012-06-27T01:08:39","slug":"il-primo-giorno-del-programma-di-dig-it-a-firenze-il-4-e-5-luglio","status":"publish","type":"post","link":"https:\/\/www.pasteris.it\/blog\/2012\/06\/27\/il-primo-giorno-del-programma-di-dig-it-a-firenze-il-4-e-5-luglio\/","title":{"rendered":"Il primo giorno del programma di Dig.it a Firenze il 4 e 5 luglio 2012"},"content":{"rendered":"<p>Mercoled\u00ec 4 luglio al mattino<\/p>\n<p><a href=\"http:\/\/www.lsdi.it\/dig-it\/dig-it-2012-il-programma\/dig-it-2012-mercoledi-4-luglio-introduzione-generale\/\" target=\"_blank\">h. 9.30-11-30:\u00a0 <strong>Introduzione generale<\/strong><\/a><\/p>\n<p>Nuove professionalit\u00e0, cittadinanza, propriet\u00e0, responsabilit\u00e0<\/p>\n<p>Ne parlano:<br \/>\n<strong>Giovanni Boccia Artieri, Luca Conti, Carlo Felice Dalla Pasqua,\u00a0 Luca De Biase, Giusella Finocchiaro, Giuseppe Granieri,\u00a0 Massimo Mantellini, Roberto Natale, Marco Pratellesi, Guido Scorza, Carlo Sorrentino, Mario Tedeschini Lalli.<\/strong><\/p>\n<p>h. 11.30-13-30:\u00a0\u00a0 <a href=\"http:\/\/www.lsdi.it\/dig-it\/dig-it-2012-il-programma\/dig-it-2012-4-luglio-open-journalism-e-partecipazione\/\" target=\"_blank\"><strong>Open journalism e partecipazione: le nuove frontiere del giornalismo digitale nel contesto italiano<\/strong><\/a><\/p>\n<p><strong>Coordina Antonio Rossano. Con: Angelo Cimarosti, Yara Nardi , Roberto Natale , Cristiana Raffa , Pierluca Santoro , Guido Scorza.<\/strong><\/p>\n<p>Mercoled\u00ec 4 luglio al pomeriggio <!--more--><\/p>\n<p><strong>Sala 1<\/strong><\/p>\n<p>h. 14.30 \u2013 16.30: <a title=\"Dig.IT 2012 \u2013 4 luglio \u2013 Coinvolgimento delle comunity di riferimento\" href=\"http:\/\/www.lsdi.it\/dig-it\/dig-it-2012-il-programma\/dig-it-2012-4-luglio-coinvolgimento-delle-comunity-di-riferimento\/\">Buone pratiche e strumenti per realizzare un corretto e proficuo coinvolgimento delle comunity di riferimento di un giornale.<\/a><\/p>\n<p><strong>Coordina Lelio Simi. Con Antonella Beccaria , Luca Conti, Luca De Biase, Marco Giovannelli, Massimo Mantellini, Marco Pratellesi , Carlo Sorrentino .<\/strong><\/p>\n<p>h.\u00a016.30 \u2013 18.30: <a title=\"Dig.IT 2012 \u2013 4 luglio \u2013 Il problema della persistenza e il diritto all\u2019oblio\" href=\"http:\/\/www.lsdi.it\/dig-it\/dig-it-2012-il-programma\/dig-it-2012-4-luglio-il-problema-della-persistenza-e-il-diritto-alloblio\/\">La rappresentazione delle identit\u00e0 individuali e collettive attraverso i motori di ricerca. Il problema della persistenza e il diritto all\u2019oblio.<\/a><\/p>\n<p><strong>Coordinano Deborah Bianchi\u00a0 e Nicola Novelli. Con Giovanni Boccia Artieri, Carlo Felice Dalla Pasqua , Giusella Finocchiaro, Carlo Ruta,\u00a0 Pieremilio Sammarco<\/strong><\/p>\n<p><strong>Sala 2<br \/>\n<\/strong><\/p>\n<p>h. 14,30 \u2013 16,30: <a title=\"Dig.IT 2012 \u2013 4 luglio \u2013 Opendata\/Datajournalism\" href=\"http:\/\/www.lsdi.it\/dig-it\/dig-it-2012-il-programma\/dig-it-2012-4-luglio-opendatadatajournalism\/\">Opendata\/Datajournalism. Per un Freedom Of Information Act italiano<\/a><strong><\/strong><\/p>\n<p><strong>Coordina Andrea Fama. Con Vittorio Alvino,\u00a0 Isacco Chiaf, Mauro Munaf\u00f2 , Jacopo Ottaviani,\u00a0 Mario Tedeschini Lalli, Massimo Zaglio.<\/strong><\/p>\n<p>h. 16.30 \u2013 17.30:\u00a0 <a title=\"Dig.IT 2012 \u2013 4 luglio \u2013 Enogastronomia in Rete\" href=\"http:\/\/www.lsdi.it\/dig-it\/dig-it-2012-il-programma\/dig-it-2012-4-luglio-enogastronomia-in-rete\/\">Enogastronomia: \u00a0\u00a0come \u00e8 \u00a0cambiata l\u2019informazione di settore con l\u2019avvento della rete?<\/a><br \/>\n<strong>Coordina Stefano Tesi. Con Riccardo Gabriele,\u00a0 Andrea Gori , Giovanni Pellicci.<\/strong><\/p>\n<p>h. 17.30 \u2013 18.30:\u00a0 Il giornalismo sportivo corre pi\u00f9 forte in rete<br \/>\n<strong><\/strong><\/p>\n<p><strong> Coordina Marco Renzi. con Fabrizio Rossini , Giovanni Sgarbi.<\/strong><\/p>\n","protected":false},"excerpt":{"rendered":"<p>Mercoled\u00ec 4 luglio al mattino h. 9.30-11-30:\u00a0 Introduzione generale Nuove professionalit\u00e0, cittadinanza, propriet\u00e0, responsabilit\u00e0 Ne parlano: Giovanni Boccia Artieri, Luca Conti, Carlo Felice Dalla Pasqua,\u00a0 Luca De Biase, Giusella Finocchiaro, Giuseppe Granieri,\u00a0 Massimo Mantellini, Roberto Natale, Marco Pratellesi, Guido Scorza, Carlo Sorrentino, Mario Tedeschini Lalli. h. 11.30-13-30:\u00a0\u00a0 Open journalism e partecipazione: le nuove frontiere del &#8230; <a title=\"Il primo giorno del programma di Dig.it a Firenze il 4 e 5 luglio 2012\" class=\"read-more\" href=\"https:\/\/www.pasteris.it\/blog\/2012\/06\/27\/il-primo-giorno-del-programma-di-dig-it-a-firenze-il-4-e-5-luglio\/\" aria-label=\"Per saperne di pi\u00f9 su Il primo giorno del programma di Dig.it a Firenze il 4 e 5 luglio 2012\">Leggi tutto<\/a><\/p>\n","protected":false},"author":3,"featured_media":0,"comment_status":"open","ping_status":"open","sticky":false,"template":"","format":"standard","meta":{"footnotes":""},"categories":[6,1,30],"tags":[1929,137,210],"class_list":["post-29238","post","type-post","status-publish","format-standard","hentry","category-internet","category-politica","category-media","tag-dig-it","tag-firenze","tag-lsdi"],"_links":{"self":[{"href":"https:\/\/www.pasteris.it\/blog\/wp-json\/wp\/v2\/posts\/29238","targetHints":{"allow":["GET"]}}],"collection":[{"href":"https:\/\/www.pasteris.it\/blog\/wp-json\/wp\/v2\/posts"}],"about":[{"href":"https:\/\/www.pasteris.it\/blog\/wp-json\/wp\/v2\/types\/post"}],"author":[{"embeddable":true,"href":"https:\/\/www.pasteris.it\/blog\/wp-json\/wp\/v2\/users\/3"}],"replies":[{"embeddable":true,"href":"https:\/\/www.pasteris.it\/blog\/wp-json\/wp\/v2\/comments?post=29238"}],"version-history":[{"count":3,"href":"https:\/\/www.pasteris.it\/blog\/wp-json\/wp\/v2\/posts\/29238\/revisions"}],"predecessor-version":[{"id":29241,"href":"https:\/\/www.pasteris.it\/blog\/wp-json\/wp\/v2\/posts\/29238\/revisions\/29241"}],"wp:attachment":[{"href":"https:\/\/www.pasteris.it\/blog\/wp-json\/wp\/v2\/media?parent=29238"}],"wp:term":[{"taxonomy":"category","embeddable":true,"href":"https:\/\/www.pasteris.it\/blog\/wp-json\/wp\/v2\/categories?post=29238"},{"taxonomy":"post_tag","embeddable":true,"href":"https:\/\/www.pasteris.it\/blog\/wp-json\/wp\/v2\/tags?post=29238"}],"curies":[{"name":"wp","href":"https:\/\/api.w.org\/{rel}","templated":true}]}}