{"id":29259,"date":"2012-06-29T13:05:30","date_gmt":"2012-06-29T11:05:30","guid":{"rendered":"http:\/\/www.pasteris.it\/blog\/?p=29259"},"modified":"2012-06-29T13:05:30","modified_gmt":"2012-06-29T11:05:30","slug":"in-viaggio-verso-il-mare-con-luca-mercalli-sullauto-elettrica","status":"publish","type":"post","link":"https:\/\/www.pasteris.it\/blog\/2012\/06\/29\/in-viaggio-verso-il-mare-con-luca-mercalli-sullauto-elettrica\/","title":{"rendered":"In viaggio verso il mare con Luca Mercalli sull&#8217;auto elettrica"},"content":{"rendered":"<p><a href=\"http:\/\/www.quotidianopiemontese.it\/2012\/06\/29\/in-viaggio-auto-elettrica-con-luca-mercalli-dalla-valsusa-savona-la-diretta\/\">Via QP<\/a><\/p>\n<blockquote><p><img loading=\"lazy\" decoding=\"async\" class=\"alignright\" title=\"citroen ion\" src=\"http:\/\/www.quotidianopiemontese.it\/wp-content\/blogs.dir\/1\/files\/il-viaggio-slow-verso-savona\/ideona6.jpg\" alt=\"\" width=\"205\" height=\"153\" \/>Questa mattina verso le 8.00 Luca Mercalli, gentile signora e il nostro\u00a0<a href=\"https:\/\/twitter.com\/rogliatti\">Stefano Rogliatti<\/a>\u00a0<a href=\"http:\/\/www.quotidianopiemontese.it\/2012\/06\/24\/lideona-di-luca-mercalli-andare-al-mare-con-lauto-elettrica-un-viaggio-slow\/\">sono partiti dalla Valsusa<\/a>\u00a0<a href=\"http:\/\/www.peugeot.it\/scopri\/ion\/\">con un\u2019auto elettrica<\/a>, per raggiungere Savona nel pomeriggio. Alle 18.00 a Savona nella Sala della Sibilla sul Priamar \u00e8 prevista una intervista conferenza con Filippa Lagerback in cui parler\u00e0 anche di mobilit\u00e0 sostenibile. \u00a0Mercalli arriver\u00e0 a Savona\u00a0accolto da mezzi elettrici privati e dell\u2019ATA e da molte biciclette. \u00a0Prima\u00a0di arrivare in Liguria far\u00e0 tappa per ricaricare le batterie dell\u2019auto con un pranzo-incontro alla storica birreria Le Baladin di Piozzo \u00a0in provincia di Cuneo. \u00a0\u00a0Quotidiano Piemontese, partner dell\u2019iniziativa, seguir\u00e0 in diretta tutto il viaggio di Luca Mercalli e Stefano Rogliatti verso il mare in auto elettrica\u00a0<a href=\"https:\/\/twitter.com\/quotidianopiem\" target=\"_blank\">via twitter<\/a>\u00a0e\u00a0con\u00a0<a href=\"http:\/\/www.quotidianopiemontese.it\/foto-album\/tutte-le-fotogallery\/?album=all&amp;gallery=369\">immagini<\/a>\u00a0\u00a0dell\u2019esperimento elettrico e slow.<\/p><\/blockquote>\n<p>&nbsp;<\/p>\n<article><\/article>\n<p>&nbsp;<\/p>\n<p>&nbsp;<\/p>\n","protected":false},"excerpt":{"rendered":"<p>Via QP Questa mattina verso le 8.00 Luca Mercalli, gentile signora e il nostro\u00a0Stefano Rogliatti\u00a0sono partiti dalla Valsusa\u00a0con un\u2019auto elettrica, per raggiungere Savona nel pomeriggio. Alle 18.00 a Savona nella Sala della Sibilla sul Priamar \u00e8 prevista una intervista conferenza con Filippa Lagerback in cui parler\u00e0 anche di mobilit\u00e0 sostenibile. \u00a0Mercalli arriver\u00e0 a Savona\u00a0accolto da &#8230; <a title=\"In viaggio verso il mare con Luca Mercalli sull&#8217;auto elettrica\" class=\"read-more\" href=\"https:\/\/www.pasteris.it\/blog\/2012\/06\/29\/in-viaggio-verso-il-mare-con-luca-mercalli-sullauto-elettrica\/\" aria-label=\"Per saperne di pi\u00f9 su In viaggio verso il mare con Luca Mercalli sull&#8217;auto elettrica\">Leggi tutto<\/a><\/p>\n","protected":false},"author":3,"featured_media":0,"comment_status":"open","ping_status":"open","sticky":false,"template":"","format":"standard","meta":{"footnotes":""},"categories":[49,14,19],"tags":[662,1932,1546],"class_list":["post-29259","post","type-post","status-publish","format-standard","hentry","category-ambiente","category-torino","category-tecnologia","tag-auto-elettrica","tag-mercalli","tag-quotidiano-piemontese"],"_links":{"self":[{"href":"https:\/\/www.pasteris.it\/blog\/wp-json\/wp\/v2\/posts\/29259","targetHints":{"allow":["GET"]}}],"collection":[{"href":"https:\/\/www.pasteris.it\/blog\/wp-json\/wp\/v2\/posts"}],"about":[{"href":"https:\/\/www.pasteris.it\/blog\/wp-json\/wp\/v2\/types\/post"}],"author":[{"embeddable":true,"href":"https:\/\/www.pasteris.it\/blog\/wp-json\/wp\/v2\/users\/3"}],"replies":[{"embeddable":true,"href":"https:\/\/www.pasteris.it\/blog\/wp-json\/wp\/v2\/comments?post=29259"}],"version-history":[{"count":2,"href":"https:\/\/www.pasteris.it\/blog\/wp-json\/wp\/v2\/posts\/29259\/revisions"}],"predecessor-version":[{"id":29261,"href":"https:\/\/www.pasteris.it\/blog\/wp-json\/wp\/v2\/posts\/29259\/revisions\/29261"}],"wp:attachment":[{"href":"https:\/\/www.pasteris.it\/blog\/wp-json\/wp\/v2\/media?parent=29259"}],"wp:term":[{"taxonomy":"category","embeddable":true,"href":"https:\/\/www.pasteris.it\/blog\/wp-json\/wp\/v2\/categories?post=29259"},{"taxonomy":"post_tag","embeddable":true,"href":"https:\/\/www.pasteris.it\/blog\/wp-json\/wp\/v2\/tags?post=29259"}],"curies":[{"name":"wp","href":"https:\/\/api.w.org\/{rel}","templated":true}]}}