{"id":2936,"date":"2008-01-24T22:10:50","date_gmt":"2008-01-24T20:10:50","guid":{"rendered":"http:\/\/www.pasteris.it\/blog\/2008\/01\/24\/la-vittoria-della-politica-di-sterco\/"},"modified":"2008-01-24T22:10:50","modified_gmt":"2008-01-24T20:10:50","slug":"la-vittoria-della-politica-di-sterco","status":"publish","type":"post","link":"https:\/\/www.pasteris.it\/blog\/2008\/01\/24\/la-vittoria-della-politica-di-sterco\/","title":{"rendered":"La vittoria della politica di sterco"},"content":{"rendered":"<p>Dopo una vera giornata di battaglia Prodi ha perso al senato:\u00a0 161 no, 156 si, 1 astenuto.<\/p>\n<p>A sentire le dichiarazioni di voto e i loro toni c&#8217;\u00e8 da preoccuparsi per la sanit\u00e0 mentale di molta destra.<\/p>\n<p>Prodi ha espresso senso morale e dignita\u00e0. Paradossalmente nella sconfitta ci ha guagnato per il futuro.<\/p>\n<p>Ora tocca a Naopolitano.<\/p>\n","protected":false},"excerpt":{"rendered":"<p>Dopo una vera giornata di battaglia Prodi ha perso al senato:\u00a0 161 no, 156 si, 1 astenuto. A sentire le dichiarazioni di voto e i loro toni c&#8217;\u00e8 da preoccuparsi per la sanit\u00e0 mentale di molta destra. Prodi ha espresso senso morale e dignita\u00e0. Paradossalmente nella sconfitta ci ha guagnato per il futuro. Ora tocca &#8230; <a title=\"La vittoria della politica di sterco\" class=\"read-more\" href=\"https:\/\/www.pasteris.it\/blog\/2008\/01\/24\/la-vittoria-della-politica-di-sterco\/\" aria-label=\"Per saperne di pi\u00f9 su La vittoria della politica di sterco\">Leggi tutto<\/a><\/p>\n","protected":false},"author":4,"featured_media":0,"comment_status":"open","ping_status":"open","sticky":false,"template":"","format":"standard","meta":{"footnotes":""},"categories":[],"tags":[453,2154,275,36],"class_list":["post-2936","post","type-post","status-publish","format-standard","hentry","tag-futuro","tag-politica","tag-prodi","tag-tag"],"_links":{"self":[{"href":"https:\/\/www.pasteris.it\/blog\/wp-json\/wp\/v2\/posts\/2936","targetHints":{"allow":["GET"]}}],"collection":[{"href":"https:\/\/www.pasteris.it\/blog\/wp-json\/wp\/v2\/posts"}],"about":[{"href":"https:\/\/www.pasteris.it\/blog\/wp-json\/wp\/v2\/types\/post"}],"author":[{"embeddable":true,"href":"https:\/\/www.pasteris.it\/blog\/wp-json\/wp\/v2\/users\/4"}],"replies":[{"embeddable":true,"href":"https:\/\/www.pasteris.it\/blog\/wp-json\/wp\/v2\/comments?post=2936"}],"version-history":[{"count":0,"href":"https:\/\/www.pasteris.it\/blog\/wp-json\/wp\/v2\/posts\/2936\/revisions"}],"wp:attachment":[{"href":"https:\/\/www.pasteris.it\/blog\/wp-json\/wp\/v2\/media?parent=2936"}],"wp:term":[{"taxonomy":"category","embeddable":true,"href":"https:\/\/www.pasteris.it\/blog\/wp-json\/wp\/v2\/categories?post=2936"},{"taxonomy":"post_tag","embeddable":true,"href":"https:\/\/www.pasteris.it\/blog\/wp-json\/wp\/v2\/tags?post=2936"}],"curies":[{"name":"wp","href":"https:\/\/api.w.org\/{rel}","templated":true}]}}