{"id":29417,"date":"2012-07-31T03:29:42","date_gmt":"2012-07-31T01:29:42","guid":{"rendered":"http:\/\/www.pasteris.it\/blog\/?p=29417"},"modified":"2012-07-31T03:29:42","modified_gmt":"2012-07-31T01:29:42","slug":"continuano-le-perplessita-della-fornero-sullequo-compenso","status":"publish","type":"post","link":"https:\/\/www.pasteris.it\/blog\/2012\/07\/31\/continuano-le-perplessita-della-fornero-sullequo-compenso\/","title":{"rendered":"Continuano le perplessit\u00e0 della Fornero sull&#8217;equo compenso"},"content":{"rendered":"<p><a href=\"http:\/\/www.odg.it\/content\/equo-compensofornero-mai-detto-no\" target=\"_blank\">Continua il minuetto fra enti giornalistici italiani e Elsa Fornero<\/a><\/p>\n<div>\n<blockquote>\n<div><img loading=\"lazy\" decoding=\"async\" class=\"alignright\" src=\"http:\/\/www.odg.it\/files\/u53\/min_lav.jpg\" alt=\"\" width=\"120\" height=\"108\" align=\"left\" \/>Con un comunicato ufficiale, il Ministero del Lavoro fa chiarezza sulle intenzioni del ministro a proposito dell&#8217;equo compenso e sgombra il campo da un equivoco che era nato durante la sua audizione davanti alla commissione Lavoro del Senato che potr\u00e0, cos\u00ec, riprendere in maniera pi\u00f9 serena il suo lavoro finalizzato, con il consenso unanime delle forze politiche, alla approvazione di una norma dall&#8217;alto valore morale.<br \/>\nIl Ministro del Lavoro e delle Politiche sociali, Elsa Fornero, ha ribadito al presidente dell&#8217;Ordine dei giornalisti Enzo Iacopino, nel corso di una conversazione telefonica, le sue forti perplessit\u00e0 circa il ddl sull&#8217;equo compenso. Ha peraltro precisato di non aver mai espresso alcun parere negativo in Commissione Lavoro al Senato.<br \/>\nLe perplessit\u00e0 del Ministro sono legate al fatto che l&#8217;articolo 1 comma 23 della legge di riforma del mercato del lavoro fissa regole precise circa i giovani precari, regole valide anche per chi lavora nel mondo editoriale.<\/div>\n<\/blockquote>\n<\/div>\n","protected":false},"excerpt":{"rendered":"<p>Continua il minuetto fra enti giornalistici italiani e Elsa Fornero Con un comunicato ufficiale, il Ministero del Lavoro fa chiarezza sulle intenzioni del ministro a proposito dell&#8217;equo compenso e sgombra il campo da un equivoco che era nato durante la sua audizione davanti alla commissione Lavoro del Senato che potr\u00e0, cos\u00ec, riprendere in maniera pi\u00f9 &#8230; <a title=\"Continuano le perplessit\u00e0 della Fornero sull&#8217;equo compenso\" class=\"read-more\" href=\"https:\/\/www.pasteris.it\/blog\/2012\/07\/31\/continuano-le-perplessita-della-fornero-sullequo-compenso\/\" aria-label=\"Per saperne di pi\u00f9 su Continuano le perplessit\u00e0 della Fornero sull&#8217;equo compenso\">Leggi tutto<\/a><\/p>\n","protected":false},"author":3,"featured_media":0,"comment_status":"open","ping_status":"open","sticky":false,"template":"","format":"standard","meta":{"footnotes":""},"categories":[1,30,32],"tags":[1942,255],"class_list":["post-29417","post","type-post","status-publish","format-standard","hentry","category-politica","category-media","category-pensieri","tag-fornero","tag-ordine-giornalisti"],"_links":{"self":[{"href":"https:\/\/www.pasteris.it\/blog\/wp-json\/wp\/v2\/posts\/29417","targetHints":{"allow":["GET"]}}],"collection":[{"href":"https:\/\/www.pasteris.it\/blog\/wp-json\/wp\/v2\/posts"}],"about":[{"href":"https:\/\/www.pasteris.it\/blog\/wp-json\/wp\/v2\/types\/post"}],"author":[{"embeddable":true,"href":"https:\/\/www.pasteris.it\/blog\/wp-json\/wp\/v2\/users\/3"}],"replies":[{"embeddable":true,"href":"https:\/\/www.pasteris.it\/blog\/wp-json\/wp\/v2\/comments?post=29417"}],"version-history":[{"count":2,"href":"https:\/\/www.pasteris.it\/blog\/wp-json\/wp\/v2\/posts\/29417\/revisions"}],"predecessor-version":[{"id":29419,"href":"https:\/\/www.pasteris.it\/blog\/wp-json\/wp\/v2\/posts\/29417\/revisions\/29419"}],"wp:attachment":[{"href":"https:\/\/www.pasteris.it\/blog\/wp-json\/wp\/v2\/media?parent=29417"}],"wp:term":[{"taxonomy":"category","embeddable":true,"href":"https:\/\/www.pasteris.it\/blog\/wp-json\/wp\/v2\/categories?post=29417"},{"taxonomy":"post_tag","embeddable":true,"href":"https:\/\/www.pasteris.it\/blog\/wp-json\/wp\/v2\/tags?post=29417"}],"curies":[{"name":"wp","href":"https:\/\/api.w.org\/{rel}","templated":true}]}}