{"id":29530,"date":"2012-08-25T05:02:47","date_gmt":"2012-08-25T03:02:47","guid":{"rendered":"http:\/\/www.pasteris.it\/blog\/?p=29530"},"modified":"2012-08-25T05:02:47","modified_gmt":"2012-08-25T03:02:47","slug":"presidente-napolitano-ci-consenta","status":"publish","type":"post","link":"https:\/\/www.pasteris.it\/blog\/2012\/08\/25\/presidente-napolitano-ci-consenta\/","title":{"rendered":"Presidente Napolitano, ci consenta"},"content":{"rendered":"<p><a href=\"http:\/\/www.linkiesta.it\/trattativa-stato-mafia-napolitano?utm_source=Articoli+del+giorno&amp;utm_campaign=522f146621-RSS_EMAIL_CAMPAIGN&amp;utm_medium=email\" target=\"_blank\">Michele Fusco su Linkiesta<\/a><\/p>\n<blockquote><p>Per chi non \u00e8 mai stato comunista, non \u00e8 comunista adesso e neppure ha intenzione di diventarlo in futuro, a meno di improbabili sbandamenti cerebrali, il dibattito che si \u00e8 innestato intorno alla figura del presidente Napolitano \u00e8 semplicemente lunare. Nel senso che appare cos\u00ec distante da una ragionevole comprensibilit\u00e0 da sembrare paradossalmente un corpo estraneo allo Stato. Eppure niente di cos\u00ec materialmente istituzionale si sta consumando come in questi giorni, in attesa che l\u2019Alta Corte si esprima sul conflitto di attribuzione sollevato dal Quirinale.<\/p>\n<p>Ai cittadini qualcosa per\u00f2 andr\u00e0 spiegato. Anche perch\u00e9 non capiscono, non ne hanno gli strumenti, meno che mai leggendo le quattrocento righe quotidiane che i protagonisti di questa disfida propinano ai lettori dei loro giornali (Scalfari, Zagrebelsky, Bonsanti, Macaluso, Violante e altri comunisti e non). Sembra esattamente roba loro. Solo roba loro.\u00a0<!--more--><\/p>\n<p>Si vaneggia di complottismi (con tutto quello che di reale \u00e8 successo in Italia nello scorso mezzo secolo), si straparla di tentativi plurimi di abbattere l\u2019ordine costituito, si mettono in fila (e insieme) le dichiarazioni di Di Pietro, Beppe Grillo e gli articoli del \u00abFatto Quotidiano\u00bb (il tutto sotto la sapiente regia della Procura di Palermo, naturalmente) giusto per dare fiato alle stramberie e per dimostrare \u00abinequivocabilmente\u00bb che dietro a tutto questo ci sarebbe ancora un Grande Vecchio che agisce e trama. Ma siamo seri!<\/p>\n<p>Andiamo al concreto. Tutto questo complottare per buttare gi\u00f9 dalla torre il nostro Capo dello Stato \u00e8 un sospetto degno di miglior causa (e miglior tempo) visto che per pi\u00f9 di sei lunghissimi anni lo abbiamo sostanzialmente idolatrato (con qualche eccezione, per fortuna, come democrazia richiederebbe) e giusto adesso che \u00e8 sulla fettuccia di lana per chiudere trionfalmente il suo mandato &#8211; e con la sicurezza matematica che non si ricandider\u00e0 \u2013 quattro pirla un po\u2019 sbandati si metterebbero insieme per immaginare un sensazionale colpo di Stato: ma ai danni di chi, di grazia? Al confronto, i forestali del golpe Borghese erano lucidissimi interpreti della realt\u00e0\u2026<\/p>\n<p>Secondo argomento, il procedere di Giorgio Napolitano in questo tempo difficile. Lo abbiamo tutti considerato uno dei presidenti pi\u00f9 equilibrati (partendo da suo passato comunista, ovviamente) della moderna storia patria. Ma non si pu\u00f2 negare ch\u2019egli abbia fatto sostanzialmente tutto ci\u00f2 che gli \u00e8 parso e piaciuto, naturalmente con il conforto delle leggi esistenti e l\u2019ombrello giuridico degli autorevoli consulenti del Quirinale. Per giungere, a trequarti di mandato, all\u2019apoteosi finale, quando ha letteralmente (e meritoriamente) fatto e disfatto un governo con l\u2019invenzione di un ticket che rester\u00e0, memorabile, nei libri di storia: Mario Monti senatore a vita e contemporaneamente Presidente del Consiglio.<\/p>\n<p>Ecco, con un capo dello Stato di questa portata, di questa forza politica e istituzionale, \u00e8 lontanamente immaginabile un complotto ai suoi danni e perch\u00e9 proprio adesso che se ne va, forse, di ritorno, per danneggiare Monti? Qualche riflessione pi\u00f9 complessa sarebbe auspicabile.<\/p>\n<p>Terzo argomento, il comportamento di Giorgio Napolitano in quest\u2019ultima vicenda che tira in ballo la trattativa Stato-mafia dei primi anni \u201990 e che porta alla luce certe intercettazioni che lo riguardano. Lo si pu\u00f2 dire serenamente, senza essere tacciati di disfattismo? Napolitano si \u00e8 offeso e ha sollevato quel conflitto di attribuzione per difendere la sua onorabilit\u00e0, prima ancora che quella del ruolo che riveste (naturalmente lui ne ha invertito l\u2019ordine). Verrebbe da dire: ma dopo tutto quel che ha fatto in questi anni, di buono e di bellissimo per la Repubblica, lei, gentile Presidente, ha ancora la voglia (qualcuno direbbe il coraggio) di offendersi perch\u00e9 le si muovono delle critiche, anche aspre, anche particolarmente dure?<\/p><\/blockquote>\n","protected":false},"excerpt":{"rendered":"<p>Michele Fusco su Linkiesta Per chi non \u00e8 mai stato comunista, non \u00e8 comunista adesso e neppure ha intenzione di diventarlo in futuro, a meno di improbabili sbandamenti cerebrali, il dibattito che si \u00e8 innestato intorno alla figura del presidente Napolitano \u00e8 semplicemente lunare. Nel senso che appare cos\u00ec distante da una ragionevole comprensibilit\u00e0 da &#8230; <a title=\"Presidente Napolitano, ci consenta\" class=\"read-more\" href=\"https:\/\/www.pasteris.it\/blog\/2012\/08\/25\/presidente-napolitano-ci-consenta\/\" aria-label=\"Per saperne di pi\u00f9 su Presidente Napolitano, ci consenta\">Leggi tutto<\/a><\/p>\n","protected":false},"author":3,"featured_media":0,"comment_status":"open","ping_status":"open","sticky":false,"template":"","format":"standard","meta":{"footnotes":""},"categories":[11,1,32],"tags":[685,547],"class_list":["post-29530","post","type-post","status-publish","format-standard","hentry","category-diritti","category-politica","category-pensieri","tag-mafia","tag-napolitano"],"_links":{"self":[{"href":"https:\/\/www.pasteris.it\/blog\/wp-json\/wp\/v2\/posts\/29530","targetHints":{"allow":["GET"]}}],"collection":[{"href":"https:\/\/www.pasteris.it\/blog\/wp-json\/wp\/v2\/posts"}],"about":[{"href":"https:\/\/www.pasteris.it\/blog\/wp-json\/wp\/v2\/types\/post"}],"author":[{"embeddable":true,"href":"https:\/\/www.pasteris.it\/blog\/wp-json\/wp\/v2\/users\/3"}],"replies":[{"embeddable":true,"href":"https:\/\/www.pasteris.it\/blog\/wp-json\/wp\/v2\/comments?post=29530"}],"version-history":[{"count":2,"href":"https:\/\/www.pasteris.it\/blog\/wp-json\/wp\/v2\/posts\/29530\/revisions"}],"predecessor-version":[{"id":29532,"href":"https:\/\/www.pasteris.it\/blog\/wp-json\/wp\/v2\/posts\/29530\/revisions\/29532"}],"wp:attachment":[{"href":"https:\/\/www.pasteris.it\/blog\/wp-json\/wp\/v2\/media?parent=29530"}],"wp:term":[{"taxonomy":"category","embeddable":true,"href":"https:\/\/www.pasteris.it\/blog\/wp-json\/wp\/v2\/categories?post=29530"},{"taxonomy":"post_tag","embeddable":true,"href":"https:\/\/www.pasteris.it\/blog\/wp-json\/wp\/v2\/tags?post=29530"}],"curies":[{"name":"wp","href":"https:\/\/api.w.org\/{rel}","templated":true}]}}