{"id":2958,"date":"2008-01-19T20:37:00","date_gmt":"2008-01-19T18:37:00","guid":{"rendered":"http:\/\/www.pasteris.it\/blog\/2008\/01\/19\/windows-7\/"},"modified":"2008-01-28T02:13:20","modified_gmt":"2008-01-28T00:13:20","slug":"windows-7","status":"publish","type":"post","link":"https:\/\/www.pasteris.it\/blog\/2008\/01\/19\/windows-7\/","title":{"rendered":"Windows 7"},"content":{"rendered":"<p>Via <a href=\"http:\/\/www.onevista.it\/18\/01\/2008\/vista-accantonato-gia-nel-2009\/\">OneVista<\/a><\/p>\n<p class=\"entry\"><img decoding=\"async\" src=\"http:\/\/www.onevista.it\/wp-content\/onevista.it_uploads\/2008\/01\/windows-7.jpg\" alt=\"Windows 7\" align=\"right\" \/><\/p>\n<p>Giunge da numerose parti la notizia per cui <strong>Windows Vista sar\u00e0 sostituito gi\u00e0 dalla met\u00e0 del 2009<\/strong> anzich\u00e9 nel 2010 come previsto in precedenza. Il relativo successo di Apple Leopard e l\u2019avvento di sempre maggiori novit\u00e0 dal mondo Linux, quale il recentissimo avvento di <a href=\"http:\/\/www.oneopensource.it\/11\/01\/2008\/kde-40-e-arrivato\/\">KDE4<\/a> potrebbero aver messo in Microsoft la voglia di forzare i tempi per sbaragliare il campo con grandi innovazioni rispetto ai concorrenti.<\/p>\n","protected":false},"excerpt":{"rendered":"<p>Via OneVista Giunge da numerose parti la notizia per cui Windows Vista sar\u00e0 sostituito gi\u00e0 dalla met\u00e0 del 2009 anzich\u00e9 nel 2010 come previsto in precedenza. Il relativo successo di Apple Leopard e l\u2019avvento di sempre maggiori novit\u00e0 dal mondo Linux, quale il recentissimo avvento di KDE4 potrebbero aver messo in Microsoft la voglia di &#8230; <a title=\"Windows 7\" class=\"read-more\" href=\"https:\/\/www.pasteris.it\/blog\/2008\/01\/19\/windows-7\/\" aria-label=\"Per saperne di pi\u00f9 su Windows 7\">Leggi tutto<\/a><\/p>\n","protected":false},"author":4,"featured_media":0,"comment_status":"open","ping_status":"open","sticky":false,"template":"","format":"standard","meta":{"footnotes":""},"categories":[],"tags":[56,202,229,2169,371],"class_list":["post-2958","post","type-post","status-publish","format-standard","hentry","tag-apple","tag-linux","tag-microsoft","tag-mondo","tag-windows"],"_links":{"self":[{"href":"https:\/\/www.pasteris.it\/blog\/wp-json\/wp\/v2\/posts\/2958","targetHints":{"allow":["GET"]}}],"collection":[{"href":"https:\/\/www.pasteris.it\/blog\/wp-json\/wp\/v2\/posts"}],"about":[{"href":"https:\/\/www.pasteris.it\/blog\/wp-json\/wp\/v2\/types\/post"}],"author":[{"embeddable":true,"href":"https:\/\/www.pasteris.it\/blog\/wp-json\/wp\/v2\/users\/4"}],"replies":[{"embeddable":true,"href":"https:\/\/www.pasteris.it\/blog\/wp-json\/wp\/v2\/comments?post=2958"}],"version-history":[{"count":0,"href":"https:\/\/www.pasteris.it\/blog\/wp-json\/wp\/v2\/posts\/2958\/revisions"}],"wp:attachment":[{"href":"https:\/\/www.pasteris.it\/blog\/wp-json\/wp\/v2\/media?parent=2958"}],"wp:term":[{"taxonomy":"category","embeddable":true,"href":"https:\/\/www.pasteris.it\/blog\/wp-json\/wp\/v2\/categories?post=2958"},{"taxonomy":"post_tag","embeddable":true,"href":"https:\/\/www.pasteris.it\/blog\/wp-json\/wp\/v2\/tags?post=2958"}],"curies":[{"name":"wp","href":"https:\/\/api.w.org\/{rel}","templated":true}]}}