{"id":29656,"date":"2012-09-20T09:08:06","date_gmt":"2012-09-20T07:08:06","guid":{"rendered":"http:\/\/www.pasteris.it\/blog\/?p=29656"},"modified":"2012-09-20T09:08:06","modified_gmt":"2012-09-20T07:08:06","slug":"adethic-quando-la-publicita-in-rete-vuole-promuovere-eticita-solidarieta-e-sociale","status":"publish","type":"post","link":"https:\/\/www.pasteris.it\/blog\/2012\/09\/20\/adethic-quando-la-publicita-in-rete-vuole-promuovere-eticita-solidarieta-e-sociale\/","title":{"rendered":"Adethic: quando la publicit\u00e0 in rete vuole promuovere eticit\u00e0, solidariet\u00e0 e sociale"},"content":{"rendered":"<p><strong><img loading=\"lazy\" decoding=\"async\" class=\"alignright\" title=\"adethic\" src=\"http:\/\/adethic.net\/images\/layout_home.png\" alt=\"\" width=\"350\" height=\"94\" \/><\/strong>Nasce il primo social network cattolico, realt\u00e0 di condivisione e dialogo a livello globale su questioni di fede, vita e societ\u00e0 per i cercatori della verit\u00e0. E\u2019 cos\u00ec che si definisce <a href=\"http:\/\/aleteia.org\">Aleteia<\/a> che verr\u00e0 presentato nei prossimi giorni e che raccoglie le migliori produzioni di istituzioni e media cattolici del mondo. Ad Aleteia hanno gi\u00e0 aderito finora, come membri, oltre mille tra siti web, radio e tv, istituzioni cattoliche e movimenti da tutto il mondo. \u201cSi tratta di un\u2019occasione formidabile per la Chiesa di ampliare il dialogo con cattolici, cristiani, credenti di tutte le religioni e anche non credenti, perch\u00e9 Aleteia offre risorse a tutti i \u2018cercatori della verita\u201d\u201d, spiega il presidente Jesus Colina, gi\u00e0 animatore di varie iniziative cattoliche nel mondo dei media a livello internazionale. \u201cPer questo motivo &#8211; aggiunge &#8211; Aleteia gode del patrocinio e dell\u2019incoraggiamento dei Pontifici Consigli per le Comunicazioni sociali e per la Promozione della Nuova evangelizzazione\u201d. Aleteia \u00e8 anche la prima iniziativa lanciata dalla<a href=\"http:\/\/www.fem-roma.org\/\" target=\"_blank\"> Fondazione per l\u2019Evangelizzazione attraverso i Media (Fem)<\/a>. Inizier\u00e0 la sua attivit\u00e0 in sei lingue: italiano, arabo, inglese, francese, portoghese e spagnolo. Insieme alla presentazione di Aleteia, gioved\u00ec 20 settembre alle 11.30 nel Centro Russia Ecumenica a Roma, verr\u00e0 annunciato anche il <a href=\"http:\/\/adethic.net\/\" target=\"_blank\">primo servizio mondiale di raccolta pubblicitaria online basatosu valori etici e solidali<\/a> .Non solo pubblicit\u00e0 per il profitto, ma pubblicit\u00e0 per creare solidariet\u00e0 e carit\u00e0. <!--more--><\/p>\n<p>AdEthic \u00e8 il primo network di siti cattolici per la raccolta di pubblicit\u00e0 a sostegno della solidariet\u00e0 e della carit\u00e0, capace di stimolare la crescita di una rete cattolica sempre pi\u00f9 connessa, attiva, solidale. AdEthic si propone di creare risorse economiche per i siti cattolici a sostegno delle loro iniziative di solidariet\u00e0 e di carit\u00e0. AdEthic vuole offrire un network pubblicitario di valore, legato a principi etici condivisi. Adethic vuole offrire al mondo un network pubblicitario di alto livello, capace di generare valori e cambiare il volto del mercato, rendendolo anche solidale.<\/p>\n","protected":false},"excerpt":{"rendered":"<p>Nasce il primo social network cattolico, realt\u00e0 di condivisione e dialogo a livello globale su questioni di fede, vita e societ\u00e0 per i cercatori della verit\u00e0. E\u2019 cos\u00ec che si definisce Aleteia che verr\u00e0 presentato nei prossimi giorni e che raccoglie le migliori produzioni di istituzioni e media cattolici del mondo. Ad Aleteia hanno gi\u00e0 &#8230; <a title=\"Adethic: quando la publicit\u00e0 in rete vuole promuovere eticit\u00e0, solidariet\u00e0 e sociale\" class=\"read-more\" href=\"https:\/\/www.pasteris.it\/blog\/2012\/09\/20\/adethic-quando-la-publicita-in-rete-vuole-promuovere-eticita-solidarieta-e-sociale\/\" aria-label=\"Per saperne di pi\u00f9 su Adethic: quando la publicit\u00e0 in rete vuole promuovere eticit\u00e0, solidariet\u00e0 e sociale\">Leggi tutto<\/a><\/p>\n","protected":false},"author":3,"featured_media":0,"comment_status":"open","ping_status":"open","sticky":false,"template":"","format":"standard","meta":{"footnotes":""},"categories":[11,17,6,1,31,32],"tags":[41,588,1762,1968],"class_list":["post-29656","post","type-post","status-publish","format-standard","hentry","category-diritti","category-economia","category-internet","category-politica","category-mondo","category-pensieri","tag-advertising","tag-chiesa-cattolica","tag-sociale","tag-solidarieta"],"_links":{"self":[{"href":"https:\/\/www.pasteris.it\/blog\/wp-json\/wp\/v2\/posts\/29656","targetHints":{"allow":["GET"]}}],"collection":[{"href":"https:\/\/www.pasteris.it\/blog\/wp-json\/wp\/v2\/posts"}],"about":[{"href":"https:\/\/www.pasteris.it\/blog\/wp-json\/wp\/v2\/types\/post"}],"author":[{"embeddable":true,"href":"https:\/\/www.pasteris.it\/blog\/wp-json\/wp\/v2\/users\/3"}],"replies":[{"embeddable":true,"href":"https:\/\/www.pasteris.it\/blog\/wp-json\/wp\/v2\/comments?post=29656"}],"version-history":[{"count":2,"href":"https:\/\/www.pasteris.it\/blog\/wp-json\/wp\/v2\/posts\/29656\/revisions"}],"predecessor-version":[{"id":29658,"href":"https:\/\/www.pasteris.it\/blog\/wp-json\/wp\/v2\/posts\/29656\/revisions\/29658"}],"wp:attachment":[{"href":"https:\/\/www.pasteris.it\/blog\/wp-json\/wp\/v2\/media?parent=29656"}],"wp:term":[{"taxonomy":"category","embeddable":true,"href":"https:\/\/www.pasteris.it\/blog\/wp-json\/wp\/v2\/categories?post=29656"},{"taxonomy":"post_tag","embeddable":true,"href":"https:\/\/www.pasteris.it\/blog\/wp-json\/wp\/v2\/tags?post=29656"}],"curies":[{"name":"wp","href":"https:\/\/api.w.org\/{rel}","templated":true}]}}