{"id":2987,"date":"2008-02-11T09:40:58","date_gmt":"2008-02-11T07:40:58","guid":{"rendered":"http:\/\/www.pasteris.it\/blog\/2008\/02\/11\/gianluca-nicoletti-alla-fnac-avatar-compreso\/"},"modified":"2008-02-09T04:47:34","modified_gmt":"2008-02-09T02:47:34","slug":"gianluca-nicoletti-alla-fnac-avatar-compreso","status":"publish","type":"post","link":"https:\/\/www.pasteris.it\/blog\/2008\/02\/11\/gianluca-nicoletti-alla-fnac-avatar-compreso\/","title":{"rendered":"Gianluca Nicoletti alla Fnac, avatar compreso"},"content":{"rendered":"<p><img loading=\"lazy\" decoding=\"async\" src=\"http:\/\/www.archivio.raiuno.rai.it\/image\/0120\/01257.jpg\" align=\"right\" height=\"195\" width=\"150\" \/> Venerd\u00ec  15 febbraio alle ore 18 alla<a href=\"http:\/\/maps.google.it\/?ie=UTF8&amp;ll=45.068785,7.683789&amp;spn=0.003251,0.007038&amp;z=17&amp;om=1\"> Fnac di Via Roma a Torino<\/a> ci sar\u00e0 la presentazione del libro di <a href=\"http:\/\/it.wikipedia.org\/wiki\/Gianluca_Nicoletti\">Gianluca Nicoletti<\/a>  <a href=\"http:\/\/www.bitserscarfiotti.blogspot.com\/\">Le vostre miserie il mio splendore<\/a> di Mondadori insieme a Bruno Ruffilli.<\/p>\n<p>Gianluca Nicoletti si \u00e8 tuffato in <a href=\"http:\/\/www.pasteris.it\/blog\/2008\/01\/01\/le-miserie-lo-splendore\/\">full immersion in Second Life<\/a> per sei mesi e ha deciso di scrivere un di viaggio di Gulliver tra reale e fantastico, scritto dal suo avatar con incontri reali e licenze romanzesche: un racconto apparentemente fantasy, ma che in realt\u00e0 \u00e8 una cronaca di un futuro che \u00e8 gi\u00e0 presente per milioni di persone.<\/p>\n","protected":false},"excerpt":{"rendered":"<p>Venerd\u00ec 15 febbraio alle ore 18 alla Fnac di Via Roma a Torino ci sar\u00e0 la presentazione del libro di Gianluca Nicoletti Le vostre miserie il mio splendore di Mondadori insieme a Bruno Ruffilli. Gianluca Nicoletti si \u00e8 tuffato in full immersion in Second Life per sei mesi e ha deciso di scrivere un di &#8230; <a title=\"Gianluca Nicoletti alla Fnac, avatar compreso\" class=\"read-more\" href=\"https:\/\/www.pasteris.it\/blog\/2008\/02\/11\/gianluca-nicoletti-alla-fnac-avatar-compreso\/\" aria-label=\"Per saperne di pi\u00f9 su Gianluca Nicoletti alla Fnac, avatar compreso\">Leggi tutto<\/a><\/p>\n","protected":false},"author":4,"featured_media":0,"comment_status":"open","ping_status":"open","sticky":false,"template":"","format":"standard","meta":{"footnotes":""},"categories":[],"tags":[2160],"class_list":["post-2987","post","type-post","status-publish","format-standard","hentry","tag-torino"],"_links":{"self":[{"href":"https:\/\/www.pasteris.it\/blog\/wp-json\/wp\/v2\/posts\/2987","targetHints":{"allow":["GET"]}}],"collection":[{"href":"https:\/\/www.pasteris.it\/blog\/wp-json\/wp\/v2\/posts"}],"about":[{"href":"https:\/\/www.pasteris.it\/blog\/wp-json\/wp\/v2\/types\/post"}],"author":[{"embeddable":true,"href":"https:\/\/www.pasteris.it\/blog\/wp-json\/wp\/v2\/users\/4"}],"replies":[{"embeddable":true,"href":"https:\/\/www.pasteris.it\/blog\/wp-json\/wp\/v2\/comments?post=2987"}],"version-history":[{"count":0,"href":"https:\/\/www.pasteris.it\/blog\/wp-json\/wp\/v2\/posts\/2987\/revisions"}],"wp:attachment":[{"href":"https:\/\/www.pasteris.it\/blog\/wp-json\/wp\/v2\/media?parent=2987"}],"wp:term":[{"taxonomy":"category","embeddable":true,"href":"https:\/\/www.pasteris.it\/blog\/wp-json\/wp\/v2\/categories?post=2987"},{"taxonomy":"post_tag","embeddable":true,"href":"https:\/\/www.pasteris.it\/blog\/wp-json\/wp\/v2\/tags?post=2987"}],"curies":[{"name":"wp","href":"https:\/\/api.w.org\/{rel}","templated":true}]}}