{"id":29981,"date":"2012-11-27T12:41:25","date_gmt":"2012-11-27T10:41:25","guid":{"rendered":"http:\/\/www.pasteris.it\/blog\/?p=29981"},"modified":"2012-11-27T12:41:25","modified_gmt":"2012-11-27T10:41:25","slug":"anche-gli-editori-tradizionali-tedeschi-si-sono-svegliati-nel-panico","status":"publish","type":"post","link":"https:\/\/www.pasteris.it\/blog\/2012\/11\/27\/anche-gli-editori-tradizionali-tedeschi-si-sono-svegliati-nel-panico\/","title":{"rendered":"Anche gli editori tradizionali tedeschi si sono svegliati nel panico"},"content":{"rendered":"<p><a href=\"http:\/\/it.ejo.ch\/7584\/giornalismo-sui-media\/la-crisi-dei-giornali-tedeschi-fa-paura\">Via Ejo<\/a><\/p>\n<blockquote><p>Cos\u00ec \u00e8 giunta anche in Germania. E chiss\u00e0 perch\u00e8 ora sembra fare pi\u00f9 paura, almeno a giudicare dall\u2019eco mediatica che sta suscitando in tutta Europa, in particolare tra gli addetti al settore. Anche alle nostre latitudini, in Svizzera come in Italia. Forse perch\u00e8 abituati a vedere il paese della Signora Merkel come la potenza econonomica dell\u2019Unione europea sorprende apprendere che la crisi della carta stampata non fa sconti e non guarda in faccia nessuno, neanche i grandi gruppi editoriali tedeschi.\u00a0La cancelliera in primis che lo scorso fine settimana ha spezzato una lancia in favore dei giornali promettendo di incentivare e <a href=\"http:\/\/www.waz-online.de\/Nachrichten\/Medien\/Uebersicht\/Angela-Merkel-will-Zeitungsprojekte-foerdern\">sostenere progetti futuri legati al cartaceo<\/a>innescando un vero e proprio dibattito politico sul futuro dei media negli ambienti politici tedeschi. E improvvisamente tutti sembrano essersi resi conto della drammaticit\u00e0 e dell\u2019urgenza della situazione: secondo il presidente della Repubblica Federale Joachim Gauck i media sarebbero dinanzi a importanti cambiamenti, secondo il capo del partito tedesco FDP, Philipp R\u00f6ssler, gli editori dovrebbero affrettarsi a comprendere e soddisfare le nuove esigenze dei lettori.<\/p>\n<p>Qualcuno forse, dovrebbe fare presente ai signori politici come Gauck che i cambiamenti dei quali parlano sono gi\u00e0 in atto da tempo e hanno gi\u00e0 provveduto a mietere vittime illustri altrove. Ora semplicemente \u00e8 il turno della Germania e se davvero si voleva intervenire bisognava agire prima, molto prima. Ma forse sarebbe stato comunque inutile.<\/p><\/blockquote>\n","protected":false},"excerpt":{"rendered":"<p>Via Ejo Cos\u00ec \u00e8 giunta anche in Germania. E chiss\u00e0 perch\u00e8 ora sembra fare pi\u00f9 paura, almeno a giudicare dall\u2019eco mediatica che sta suscitando in tutta Europa, in particolare tra gli addetti al settore. Anche alle nostre latitudini, in Svizzera come in Italia. Forse perch\u00e8 abituati a vedere il paese della Signora Merkel come la &#8230; <a title=\"Anche gli editori tradizionali tedeschi si sono svegliati nel panico\" class=\"read-more\" href=\"https:\/\/www.pasteris.it\/blog\/2012\/11\/27\/anche-gli-editori-tradizionali-tedeschi-si-sono-svegliati-nel-panico\/\" aria-label=\"Per saperne di pi\u00f9 su Anche gli editori tradizionali tedeschi si sono svegliati nel panico\">Leggi tutto<\/a><\/p>\n","protected":false},"author":3,"featured_media":0,"comment_status":"open","ping_status":"open","sticky":false,"template":"","format":"standard","meta":{"footnotes":""},"categories":[424],"tags":[2524,905,2559,2558,2557,2556],"class_list":["post-29981","post","type-post","status-publish","format-standard","hentry","category-personale","tag-anche","tag-editori","tag-panico","tag-svegliati","tag-tedeschi","tag-tradizionali"],"_links":{"self":[{"href":"https:\/\/www.pasteris.it\/blog\/wp-json\/wp\/v2\/posts\/29981","targetHints":{"allow":["GET"]}}],"collection":[{"href":"https:\/\/www.pasteris.it\/blog\/wp-json\/wp\/v2\/posts"}],"about":[{"href":"https:\/\/www.pasteris.it\/blog\/wp-json\/wp\/v2\/types\/post"}],"author":[{"embeddable":true,"href":"https:\/\/www.pasteris.it\/blog\/wp-json\/wp\/v2\/users\/3"}],"replies":[{"embeddable":true,"href":"https:\/\/www.pasteris.it\/blog\/wp-json\/wp\/v2\/comments?post=29981"}],"version-history":[{"count":1,"href":"https:\/\/www.pasteris.it\/blog\/wp-json\/wp\/v2\/posts\/29981\/revisions"}],"predecessor-version":[{"id":29982,"href":"https:\/\/www.pasteris.it\/blog\/wp-json\/wp\/v2\/posts\/29981\/revisions\/29982"}],"wp:attachment":[{"href":"https:\/\/www.pasteris.it\/blog\/wp-json\/wp\/v2\/media?parent=29981"}],"wp:term":[{"taxonomy":"category","embeddable":true,"href":"https:\/\/www.pasteris.it\/blog\/wp-json\/wp\/v2\/categories?post=29981"},{"taxonomy":"post_tag","embeddable":true,"href":"https:\/\/www.pasteris.it\/blog\/wp-json\/wp\/v2\/tags?post=29981"}],"curies":[{"name":"wp","href":"https:\/\/api.w.org\/{rel}","templated":true}]}}