{"id":3014,"date":"2008-02-10T08:51:29","date_gmt":"2008-02-10T06:51:29","guid":{"rendered":"http:\/\/www.pasteris.it\/blog\/2008\/02\/10\/due-anni-fa-le-olimpiadi-a-torino\/"},"modified":"2008-02-10T08:48:44","modified_gmt":"2008-02-10T06:48:44","slug":"due-anni-fa-le-olimpiadi-a-torino","status":"publish","type":"post","link":"https:\/\/www.pasteris.it\/blog\/2008\/02\/10\/due-anni-fa-le-olimpiadi-a-torino\/","title":{"rendered":"Due anni fa: le Olimpiadi a Torino"},"content":{"rendered":"<p>Sembra una vita fa, ma il 10 febbraio 2006 si svolgeva la <a href=\"http:\/\/www.torino2006.it\/ITA\/OlympicGames\/gare_e_programma\/cerimonie.html\">cerimonia di inaugurazione<\/a> dei <a href=\"http:\/\/www.torino2006.it\">Giochi Olimpici Invernali di Torino<\/a><\/p>\n<p><img loading=\"lazy\" decoding=\"async\" src=\"http:\/\/photos1.blogger.com\/blogger\/7336\/77\/320\/vitalbero.0.jpg\" align=\"right\" height=\"323\" width=\"242\" \/><\/p>\n<p>Quel mattino il bloggante si svegli\u00f2, lavor\u00f2 come un mulo, alle 17.30 inforc\u00f2 la bicicletta dalla redazione per correre allo Stadio Olimpico e prepararsi con gli altri per l&#8217;inaugurazione olimpica.<\/p>\n<p>Vestiti, calzati e imbardati i protagonisti del secondo quadro della cerimonia, titolo il saluto delle Alpi, si  misero a chiacchierare nei tendoni dell&#8217;organizzazione i pi\u00f9 giovani tentarono anche approcci arditi alle ballerine del box a fianco. Il casino era enorme, migliaia di persone vestite e addobbate in maniera eccentrica che si muovevano con un apparente disordine nel backstage dell&#8217;evento.<\/p>\n<p>Quando \u00e8 venuto il nostro momento siamo partiti alla volta del prato dello stadio: solo a quel momento qualcuno ha capito che si era davanti al mondo .<\/p>\n<p>Il bloggante era un uomo albero (vedi foto) in particolare quello che partiva &#8220;alla Cabrini&#8221; sulla fascia sinistra a chiudere la fila del gruppone degli abeti, mentre al centro si creava il lago alpino e mentre mucche e ballerini ballavano sul terreno dello stadio Olimpico.<\/p>\n<p><!--more--><br \/>\nIl ricordo: molta stanchezza fisica, l&#8217;emozione di esserci, Iuri Chechi che prende a martellate un incudine :il segnale per partire e entrare, il buio e la folla intorno.<\/p>\n<p>Alla fine appena possibile il bloggante prese la bici, torn\u00f2 in redazione, fu accolto come un marziano rientrato dalla Luna e quasi si addoment\u00f2.<\/p>\n<p>La cosa pi\u00f9 bella della Cerimonia: il futurismo di Roberto Bolle e gli altri ballerini e figuranti &#8230;<br \/>\n<video>http:\/\/www.youtube.com\/watch?v=mJIiEKkGyOU<\/video><\/p>\n<p>Che cosa \u00e8 rimasto delle Olimpiadi a Torino ?<\/p>\n","protected":false},"excerpt":{"rendered":"<p>Sembra una vita fa, ma il 10 febbraio 2006 si svolgeva la cerimonia di inaugurazione dei Giochi Olimpici Invernali di Torino Quel mattino il bloggante si svegli\u00f2, lavor\u00f2 come un mulo, alle 17.30 inforc\u00f2 la bicicletta dalla redazione per correre allo Stadio Olimpico e prepararsi con gli altri per l&#8217;inaugurazione olimpica. Vestiti, calzati e imbardati &#8230; <a title=\"Due anni fa: le Olimpiadi a Torino\" class=\"read-more\" href=\"https:\/\/www.pasteris.it\/blog\/2008\/02\/10\/due-anni-fa-le-olimpiadi-a-torino\/\" aria-label=\"Per saperne di pi\u00f9 su Due anni fa: le Olimpiadi a Torino\">Leggi tutto<\/a><\/p>\n","protected":false},"author":4,"featured_media":0,"comment_status":"open","ping_status":"open","sticky":false,"template":"","format":"standard","meta":{"footnotes":""},"categories":[],"tags":[2160],"class_list":["post-3014","post","type-post","status-publish","format-standard","hentry","tag-torino"],"_links":{"self":[{"href":"https:\/\/www.pasteris.it\/blog\/wp-json\/wp\/v2\/posts\/3014","targetHints":{"allow":["GET"]}}],"collection":[{"href":"https:\/\/www.pasteris.it\/blog\/wp-json\/wp\/v2\/posts"}],"about":[{"href":"https:\/\/www.pasteris.it\/blog\/wp-json\/wp\/v2\/types\/post"}],"author":[{"embeddable":true,"href":"https:\/\/www.pasteris.it\/blog\/wp-json\/wp\/v2\/users\/4"}],"replies":[{"embeddable":true,"href":"https:\/\/www.pasteris.it\/blog\/wp-json\/wp\/v2\/comments?post=3014"}],"version-history":[{"count":0,"href":"https:\/\/www.pasteris.it\/blog\/wp-json\/wp\/v2\/posts\/3014\/revisions"}],"wp:attachment":[{"href":"https:\/\/www.pasteris.it\/blog\/wp-json\/wp\/v2\/media?parent=3014"}],"wp:term":[{"taxonomy":"category","embeddable":true,"href":"https:\/\/www.pasteris.it\/blog\/wp-json\/wp\/v2\/categories?post=3014"},{"taxonomy":"post_tag","embeddable":true,"href":"https:\/\/www.pasteris.it\/blog\/wp-json\/wp\/v2\/tags?post=3014"}],"curies":[{"name":"wp","href":"https:\/\/api.w.org\/{rel}","templated":true}]}}