{"id":3015,"date":"2008-02-06T15:01:44","date_gmt":"2008-02-06T13:01:44","guid":{"rendered":"http:\/\/www.pasteris.it\/blog\/2008\/02\/06\/luomo-che-vende-i-minuti\/"},"modified":"2008-02-06T15:01:44","modified_gmt":"2008-02-06T13:01:44","slug":"luomo-che-vende-i-minuti","status":"publish","type":"post","link":"https:\/\/www.pasteris.it\/blog\/2008\/02\/06\/luomo-che-vende-i-minuti\/","title":{"rendered":"L&#8217;uomo che vende i minuti"},"content":{"rendered":"<p><a href=\"http:\/\/www.lastampa.it\/_web\/cmstp\/tmplrubriche\/tecnologia\/grubrica.asp?ID_blog=30&amp;ID_articolo=3963&amp;ID_sezione=38&amp;sezione=News\">Bruno Ventavoli<\/a> Racconta <a href=\"http:\/\/www.lastampa.it\/_web\/cmstp\/tmplrubriche\/tecnologia\/grubrica.asp?ID_blog=30&amp;ID_articolo=3964&amp;ID_sezione=&amp;sezione=\">Daniele Aberti<\/a> sulla Stampa<\/p>\n<p><img loading=\"lazy\" decoding=\"async\" src=\"http:\/\/www.lastampa.it\/cmstp\/rubriche\/admin\/immagine.asp?ID_blog=30&amp;ID_file=1073\" align=\"right\" height=\"230\" width=\"300\" \/>Calvino sognava immense cosmologie, saghe ed epopee racchiuse nelle dimensioni di un epigramma e il grande scrittore ungherese Istv\u00e1n \u00d6rk\u00e9ny verg\u00f2 novelle che in un minuto dicevano un po\u2019 tutto, persino il senso della vita. Un minuto, insomma, non \u00e8 solo un\u2019unit\u00e0 minima di tempo senza arte n\u00e9 parte. \u00abAspetta un minuto\u00bb. Un minuto pu\u00f2 cambiare la vita. Ed \u00e8 partendo da l\u00ec che Daniele Alberti ha deciso di trasformare il tempo in un\u2019idea. In uno spazio fisico.<\/p>\n<p>L\u2019architetto torinese ha creato su internet il primo \u00abcalendario emozionale collettivo\u00bb, dove puoi comprare un minuto per fissare per sempre (il calendario ambisce all\u2019eternit\u00e0, come ogni invenzione che si rispetti) il momento pi\u00f9 significativo dell\u2019esistenza. Detto cos\u00ec suona strano. Ma una sbirciatina al sito chiarisce tutto. Dunque: l\u2019anno solare \u00e8 fatto di 525600 minuti. E tanti sono gli spazi disponibili nel calendario virtuale. Chi vuole pu\u00f2 entrare in <a href=\"http:\/\/www.myminutes.org\/\" class=\"linkblu\" target=\"_blank\">www.myminutes.org<\/a> e acquistare il minuto (o pi\u00f9) che preferisce (es. 15:45 del 28 settembre) e riempirlo di immagini, suoni, parole.<\/p>\n<p><!--more--><\/p>\n<p>Quello spazio sar\u00e0 \u00abcongelato\u00bb per sempre, perch\u00e9 nessuno potr\u00e0 mai pi\u00f9 metterci le mani sopra. Il minuto comprato verr\u00e0 visualizzato sulla home page del sito nel momento in cui scatter\u00e0 il minuto vero (ovvero, nel caso dell\u2019esempio, alle 15:45 del 28 settembre); costa un euro pi\u00f9 spese, che l\u2019inventore del sito promette d\u2019usare per lanciare progetti del web innovativi. Naturalmente il minuto acquistato si pu\u00f2 regalare. Magari per San Valentino. O rivendere, se proprio si trova l\u2019amatore di quello speciale istante.<\/p>\n","protected":false},"excerpt":{"rendered":"<p>Bruno Ventavoli Racconta Daniele Aberti sulla Stampa Calvino sognava immense cosmologie, saghe ed epopee racchiuse nelle dimensioni di un epigramma e il grande scrittore ungherese Istv\u00e1n \u00d6rk\u00e9ny verg\u00f2 novelle che in un minuto dicevano un po\u2019 tutto, persino il senso della vita. Un minuto, insomma, non \u00e8 solo un\u2019unit\u00e0 minima di tempo senza arte n\u00e9 &#8230; <a title=\"L&#8217;uomo che vende i minuti\" class=\"read-more\" href=\"https:\/\/www.pasteris.it\/blog\/2008\/02\/06\/luomo-che-vende-i-minuti\/\" aria-label=\"Per saperne di pi\u00f9 su L&#8217;uomo che vende i minuti\">Leggi tutto<\/a><\/p>\n","protected":false},"author":4,"featured_media":0,"comment_status":"open","ping_status":"open","sticky":false,"template":"","format":"standard","meta":{"footnotes":""},"categories":[],"tags":[415,2157,2155,193,509,382,561,363],"class_list":["post-3015","post","type-post","status-publish","format-standard","hentry","tag-arte","tag-blog","tag-internet","tag-lastampa","tag-spazio","tag-tav","tag-tempo","tag-web"],"_links":{"self":[{"href":"https:\/\/www.pasteris.it\/blog\/wp-json\/wp\/v2\/posts\/3015","targetHints":{"allow":["GET"]}}],"collection":[{"href":"https:\/\/www.pasteris.it\/blog\/wp-json\/wp\/v2\/posts"}],"about":[{"href":"https:\/\/www.pasteris.it\/blog\/wp-json\/wp\/v2\/types\/post"}],"author":[{"embeddable":true,"href":"https:\/\/www.pasteris.it\/blog\/wp-json\/wp\/v2\/users\/4"}],"replies":[{"embeddable":true,"href":"https:\/\/www.pasteris.it\/blog\/wp-json\/wp\/v2\/comments?post=3015"}],"version-history":[{"count":0,"href":"https:\/\/www.pasteris.it\/blog\/wp-json\/wp\/v2\/posts\/3015\/revisions"}],"wp:attachment":[{"href":"https:\/\/www.pasteris.it\/blog\/wp-json\/wp\/v2\/media?parent=3015"}],"wp:term":[{"taxonomy":"category","embeddable":true,"href":"https:\/\/www.pasteris.it\/blog\/wp-json\/wp\/v2\/categories?post=3015"},{"taxonomy":"post_tag","embeddable":true,"href":"https:\/\/www.pasteris.it\/blog\/wp-json\/wp\/v2\/tags?post=3015"}],"curies":[{"name":"wp","href":"https:\/\/api.w.org\/{rel}","templated":true}]}}